{"id":1369,"date":"2009-06-04T12:49:29","date_gmt":"2009-06-04T11:49:29","guid":{"rendered":"https:\/\/blogs.fu-berlin.de\/bibliotheken\/?p=1369"},"modified":"2009-06-04T12:49:29","modified_gmt":"2009-06-04T11:49:29","slug":"bytes-statt-buch","status":"publish","type":"post","link":"https:\/\/blogs.fu-berlin.de\/bibliotheken\/2009\/06\/04\/bytes-statt-buch\/","title":{"rendered":"Bytes statt Buch?"},"content":{"rendered":"<p>Ein Fachkongress \u00fcber das Publizieren von B\u00fcchern in digitaler Form findet am 16. Juni 2009 erstmals in Berlin statt. Veranstalter der Tagung ,,Buch Digitale&#8220; sind die Berliner Unternehmen SWOP. und PaperC.<br \/>\nHochschulpartner sind die Freie Universit\u00e4t Berlin, die Universit\u00e4t St. Gallen sowie die Hochschule f\u00fcr Wirtschaft und Recht Berlin. <\/p>\n<p>Die Veranstaltung richtet sich an Fachleute aus Verlagen, Bibliotheken, Hochschulen, Open Access-Repositorien, an Technologie-Anbieter und Betreiber neuer Publishing-Plattformen sowie an wissenschaftliche Autoren und Studierende. <\/p>\n<p>Mehr Informationen unter <a href=\"https:\/\/www.buch-digitale.de\">www.buch-digitale.de<\/a> oder im <a href=\"https:\/\/www.buch-digitale.net\/assets\/files\/downloads\/buch-digitale\/Buch_Digitale_Expose.pdf\">Expos\u00e9 zur Konferenz<\/a> als pdf-Datei.<\/p>\n","protected":false},"excerpt":{"rendered":"<p>Ein Fachkongress \u00fcber das Publizieren von B\u00fcchern in digitaler Form findet am 16. Juni 2009 erstmals in Berlin statt. Veranstalter der Tagung ,,Buch Digitale&#8220; sind die Berliner Unternehmen SWOP. und PaperC. Hochschulpartner sind die Freie Universit\u00e4t Berlin, die Universit\u00e4t St. Gallen sowie die Hochschule f\u00fcr Wirtschaft und Recht Berlin. Die Veranstaltung richtet sich an Fachleute &hellip; <a href=\"https:\/\/blogs.fu-berlin.de\/bibliotheken\/2009\/06\/04\/bytes-statt-buch\/\" class=\"more-link\"><span class=\"screen-reader-text\">\u201eBytes statt Buch?\u201c<\/span> weiterlesen<\/a><\/p>\n","protected":false},"author":265,"featured_media":0,"comment_status":"open","ping_status":"open","sticky":false,"template":"","format":"standard","meta":{"footnotes":""},"categories":[70],"tags":[800,801,552],"class_list":["post-1369","post","type-post","status-publish","format-standard","hentry","category-veranstaltungen","tag-buch-digitale","tag-kongress","tag-open-access"],"_links":{"self":[{"href":"https:\/\/blogs.fu-berlin.de\/bibliotheken\/wp-json\/wp\/v2\/posts\/1369","targetHints":{"allow":["GET"]}}],"collection":[{"href":"https:\/\/blogs.fu-berlin.de\/bibliotheken\/wp-json\/wp\/v2\/posts"}],"about":[{"href":"https:\/\/blogs.fu-berlin.de\/bibliotheken\/wp-json\/wp\/v2\/types\/post"}],"author":[{"embeddable":true,"href":"https:\/\/blogs.fu-berlin.de\/bibliotheken\/wp-json\/wp\/v2\/users\/265"}],"replies":[{"embeddable":true,"href":"https:\/\/blogs.fu-berlin.de\/bibliotheken\/wp-json\/wp\/v2\/comments?post=1369"}],"version-history":[{"count":4,"href":"https:\/\/blogs.fu-berlin.de\/bibliotheken\/wp-json\/wp\/v2\/posts\/1369\/revisions"}],"predecessor-version":[{"id":1381,"href":"https:\/\/blogs.fu-berlin.de\/bibliotheken\/wp-json\/wp\/v2\/posts\/1369\/revisions\/1381"}],"wp:attachment":[{"href":"https:\/\/blogs.fu-berlin.de\/bibliotheken\/wp-json\/wp\/v2\/media?parent=1369"}],"wp:term":[{"taxonomy":"category","embeddable":true,"href":"https:\/\/blogs.fu-berlin.de\/bibliotheken\/wp-json\/wp\/v2\/categories?post=1369"},{"taxonomy":"post_tag","embeddable":true,"href":"https:\/\/blogs.fu-berlin.de\/bibliotheken\/wp-json\/wp\/v2\/tags?post=1369"}],"curies":[{"name":"wp","href":"https:\/\/api.w.org\/{rel}","templated":true}]}}