{"id":13796,"date":"2013-04-03T08:32:36","date_gmt":"2013-04-03T07:32:36","guid":{"rendered":"https:\/\/blogs.fu-berlin.de\/bibliotheken\/?p=13796"},"modified":"2013-04-19T13:27:17","modified_gmt":"2013-04-19T12:27:17","slug":"google-und-die-macht-des-wissens","status":"publish","type":"post","link":"https:\/\/blogs.fu-berlin.de\/bibliotheken\/2013\/04\/03\/google-und-die-macht-des-wissens\/","title":{"rendered":"Google und die Macht des Wissens"},"content":{"rendered":"<p>Die gut 90-min\u00fctige Dokumentation (Originaltitel: <a href=\"https:\/\/www.worldbrainthefilm.com\/\"><em>Google and the World Brain<\/em><\/a>) wurde gestern zur Prime Time auf Arte ausgestrahlt. Regisseur Ben Lewis blickt darin zur\u00fcck auf die Auseinandersetzungen um das <a href=\"https:\/\/vs13.kobv.de\/V?portal=FUBERLIN&amp;institute=FUBERLIN&amp;func=find-db-1-title&amp;mode=titles&amp;azlist=N&amp;scan_utf=&amp;scan_start=google+books&amp;search_type=contains&amp;restricted=all\">Google-Books-Projekt<\/a> und beginnt seinen Film zugleich mit dem Gegenbild von H. G. Wells&#8216; Idee eines Weltgehirns. Zu Wort kommen u. a. die Bibliotheksdirektoren Robert Darnton (Harvard), Richard Ovenden (Oxford) und Jean-No\u00ebl Jeanneney (bis 2007 Franz\u00f6sischen Nationalbibliothek). Dagegen wird Google angeblich aus juristischen Gr\u00fcnden nur durch einen Abgesandten repr\u00e4sentiert.<\/p>\n<p>Der Dokumentarfilm war dieses Jahr im Wettbewerb des US-amerikanischen Sundance Filmfestivals anzutreffen und kann u. a. noch sieben Tage kostenfrei in Artes <a href=\"https:\/\/videos.arte.tv\/de\/videos\/google-und-die-macht-des-wissens--7415436.html\">Online-Mediathek<\/a> angesehen werden.<\/p>\n","protected":false},"excerpt":{"rendered":"<p>Die gut 90-min\u00fctige Dokumentation (Originaltitel: Google and the World Brain) wurde gestern zur Prime Time auf Arte ausgestrahlt. Regisseur Ben Lewis blickt darin zur\u00fcck auf die Auseinandersetzungen um das Google-Books-Projekt und beginnt seinen Film zugleich mit dem Gegenbild von H. G. Wells&#8216; Idee eines Weltgehirns. Zu Wort kommen u. a. die Bibliotheksdirektoren Robert Darnton (Harvard), &hellip; <a href=\"https:\/\/blogs.fu-berlin.de\/bibliotheken\/2013\/04\/03\/google-und-die-macht-des-wissens\/\" class=\"more-link\"><span class=\"screen-reader-text\">\u201eGoogle und die Macht des Wissens\u201c<\/span> weiterlesen<\/a><\/p>\n","protected":false},"author":293,"featured_media":0,"comment_status":"open","ping_status":"open","sticky":false,"template":"","format":"standard","meta":{"footnotes":""},"categories":[9,604],"tags":[12025,370,848,1370,127],"class_list":["post-13796","post","type-post","status-publish","format-standard","hentry","category-allgemein","category-ins-netz-geschaut","tag-ben-lewis","tag-datenschutz","tag-dokumentarfilm","tag-google-books","tag-urheberrecht"],"_links":{"self":[{"href":"https:\/\/blogs.fu-berlin.de\/bibliotheken\/wp-json\/wp\/v2\/posts\/13796","targetHints":{"allow":["GET"]}}],"collection":[{"href":"https:\/\/blogs.fu-berlin.de\/bibliotheken\/wp-json\/wp\/v2\/posts"}],"about":[{"href":"https:\/\/blogs.fu-berlin.de\/bibliotheken\/wp-json\/wp\/v2\/types\/post"}],"author":[{"embeddable":true,"href":"https:\/\/blogs.fu-berlin.de\/bibliotheken\/wp-json\/wp\/v2\/users\/293"}],"replies":[{"embeddable":true,"href":"https:\/\/blogs.fu-berlin.de\/bibliotheken\/wp-json\/wp\/v2\/comments?post=13796"}],"version-history":[{"count":7,"href":"https:\/\/blogs.fu-berlin.de\/bibliotheken\/wp-json\/wp\/v2\/posts\/13796\/revisions"}],"predecessor-version":[{"id":13891,"href":"https:\/\/blogs.fu-berlin.de\/bibliotheken\/wp-json\/wp\/v2\/posts\/13796\/revisions\/13891"}],"wp:attachment":[{"href":"https:\/\/blogs.fu-berlin.de\/bibliotheken\/wp-json\/wp\/v2\/media?parent=13796"}],"wp:term":[{"taxonomy":"category","embeddable":true,"href":"https:\/\/blogs.fu-berlin.de\/bibliotheken\/wp-json\/wp\/v2\/categories?post=13796"},{"taxonomy":"post_tag","embeddable":true,"href":"https:\/\/blogs.fu-berlin.de\/bibliotheken\/wp-json\/wp\/v2\/tags?post=13796"}],"curies":[{"name":"wp","href":"https:\/\/api.w.org\/{rel}","templated":true}]}}