{"id":13838,"date":"2013-04-09T09:12:47","date_gmt":"2013-04-09T08:12:47","guid":{"rendered":"https:\/\/blogs.fu-berlin.de\/bibliotheken\/?p=13838"},"modified":"2013-06-04T16:29:14","modified_gmt":"2013-06-04T15:29:14","slug":"neue-primo-version-in-arbeit","status":"publish","type":"post","link":"https:\/\/blogs.fu-berlin.de\/bibliotheken\/2013\/04\/09\/neue-primo-version-in-arbeit\/","title":{"rendered":"Neue Primo Version in Arbeit"},"content":{"rendered":"<p><a href=\"https:\/\/primo.fu-berlin.de\/\">Primo<\/a> wird in den n\u00e4chsten Wochen auf eine neue Version umgestellt.<\/p>\n<p>Es m\u00fcssen alle lokalen Daten neu geladen und die Konfigurationen \u00fcberpr\u00fcft und getestet werden.<\/p>\n<p>Ab dem 10.4.2013 wird es vorraussichtlich keine Aktualisierungen in Primo mehr geben. Das bedeutet, dass nach dem 10.4. katalogisierte Titel f\u00fcr die Zeit der Migration nur im <a href=\"https:\/\/opac.fu-berlin.de\" target=\"_blank\">FU-Katalog<\/a> nachgewiesen sind. Sie werden aber nat\u00fcrlich in der neuen Primo-Version geladen sein. Zurzeit wird allerdings gepr\u00fcft, ob zumindest ab und zu Updates aus dem FU-Katalog laufen k\u00f6nnen.<\/p>\n<p>Das Primo-System wird f\u00fcr den gesamten Zeitraum &#8211; geplant ist vom 10. April bis zum <del datetime=\"2013-05-23T07:07:58+00:00\">20. Mai<\/del> 10. Juni 2013 &#8211; auf einem Ausweichserver zur Verf\u00fcgung stehen. Bestell- und Kontofunktionen werden aktuell gehalten, sind somit nicht betroffen. Ggf. kann f\u00fcr Bestellung oder Kontoverwaltung der <a href=\"https:\/\/opac.fu-berlin.de\" target=\"_blank\">FU-Katalog<\/a> genutzt werden.<\/p>\n<p>Einschr\u00e4nkungen wird es nach heutigem Stand des Migrationsplans f\u00fcr die pers\u00f6nlichen Suchprofile geben, die nach der Migration auf den Stand vom 10.4.2013 zur\u00fcckgesetzt werden. Denken Sie bitte daran, wenn Sie Titel in den Korb oder wenn Sie Suchanfragen (dauerhaft) speichern m\u00f6chten. Auch pers\u00f6nliche Einstellungen wie die Anzahl angezeigter Treffer oder die Sprachauswahl werden in der neuen Version den Stand 10.4. haben.<\/p>\n<p>Die neue Version wird dann ein neues Layout und einige neue Funktionalit\u00e4ten haben, \u00fcber die wir sp\u00e4ter informieren werden.<\/p>\n<p>Ihre Universit\u00e4tsbibliothek<\/p>\n","protected":false},"excerpt":{"rendered":"<p>Primo wird in den n\u00e4chsten Wochen auf eine neue Version umgestellt. Es m\u00fcssen alle lokalen Daten neu geladen und die Konfigurationen \u00fcberpr\u00fcft und getestet werden. Ab dem 10.4.2013 wird es vorraussichtlich keine Aktualisierungen in Primo mehr geben. Das bedeutet, dass nach dem 10.4. katalogisierte Titel f\u00fcr die Zeit der Migration nur im FU-Katalog nachgewiesen sind. &hellip; <a href=\"https:\/\/blogs.fu-berlin.de\/bibliotheken\/2013\/04\/09\/neue-primo-version-in-arbeit\/\" class=\"more-link\"><span class=\"screen-reader-text\">\u201eNeue Primo Version in Arbeit\u201c<\/span> weiterlesen<\/a><\/p>\n","protected":false},"author":265,"featured_media":0,"comment_status":"open","ping_status":"open","sticky":false,"template":"","format":"standard","meta":{"footnotes":""},"categories":[518],"tags":[7577,1227],"class_list":["post-13838","post","type-post","status-publish","format-standard","hentry","category-fu-kataloge","tag-bibliotheksportal-primo","tag-migration"],"_links":{"self":[{"href":"https:\/\/blogs.fu-berlin.de\/bibliotheken\/wp-json\/wp\/v2\/posts\/13838","targetHints":{"allow":["GET"]}}],"collection":[{"href":"https:\/\/blogs.fu-berlin.de\/bibliotheken\/wp-json\/wp\/v2\/posts"}],"about":[{"href":"https:\/\/blogs.fu-berlin.de\/bibliotheken\/wp-json\/wp\/v2\/types\/post"}],"author":[{"embeddable":true,"href":"https:\/\/blogs.fu-berlin.de\/bibliotheken\/wp-json\/wp\/v2\/users\/265"}],"replies":[{"embeddable":true,"href":"https:\/\/blogs.fu-berlin.de\/bibliotheken\/wp-json\/wp\/v2\/comments?post=13838"}],"version-history":[{"count":20,"href":"https:\/\/blogs.fu-berlin.de\/bibliotheken\/wp-json\/wp\/v2\/posts\/13838\/revisions"}],"predecessor-version":[{"id":14454,"href":"https:\/\/blogs.fu-berlin.de\/bibliotheken\/wp-json\/wp\/v2\/posts\/13838\/revisions\/14454"}],"wp:attachment":[{"href":"https:\/\/blogs.fu-berlin.de\/bibliotheken\/wp-json\/wp\/v2\/media?parent=13838"}],"wp:term":[{"taxonomy":"category","embeddable":true,"href":"https:\/\/blogs.fu-berlin.de\/bibliotheken\/wp-json\/wp\/v2\/categories?post=13838"},{"taxonomy":"post_tag","embeddable":true,"href":"https:\/\/blogs.fu-berlin.de\/bibliotheken\/wp-json\/wp\/v2\/tags?post=13838"}],"curies":[{"name":"wp","href":"https:\/\/api.w.org\/{rel}","templated":true}]}}