{"id":13857,"date":"2013-04-16T12:59:39","date_gmt":"2013-04-16T11:59:39","guid":{"rendered":"https:\/\/blogs.fu-berlin.de\/bibliotheken\/?p=13857"},"modified":"2013-04-17T09:31:58","modified_gmt":"2013-04-17T08:31:58","slug":"pulitzer-preise-vergeben","status":"publish","type":"post","link":"https:\/\/blogs.fu-berlin.de\/bibliotheken\/2013\/04\/16\/pulitzer-preise-vergeben\/","title":{"rendered":"Pulitzer-Preise vergeben"},"content":{"rendered":"<p>W\u00e4hrend momentan leider ganz andere Nachrichten aus den USA die Welt bewegen, sind gestern die Gewinner der <a href=\"https:\/\/www.pulitzer.org\/\">Pulitzer-Preise<\/a> bekannt gegeben worden. 1917 von dem aus \u00d6sterreich-Ungarn stammenden Journalisten und Zeitungsverleger Joseph Pulitzer (1847\u20131911) gestiftet, gelten sie als wichtigste Medienpreise in den Vereinigten Staaten. Ausgelobt werden gegenw\u00e4rtig 21 Kategorien, in denen Journalisten, Schriftsteller und Komponisten von einer Jury aus Journalisten und Verlegern pr\u00e4miert werden. Von den 2013 preisgekr\u00f6nten oder nominierten Werken lassen sich einige auch im FU-Bereich nachweisen.<\/p>\n<p>In den Kategorien f\u00fcr Journalismus schnitt die <em>New York Times<\/em> mit insgesamt vier gewonnenen Preisen (Bester investigativer Journalismus, Beste Hintergrundberichterstattung, Beste Auslandsberichterstattung, Bester Fachjournalismus) am erfolgreichsten ab. \u00dcber lizenzierte Presse-Datenbanken wie <a href=\"https:\/\/vs13.kobv.de\/V\/portal=FUBERLIN&amp;institute=FUBERLIN&amp;?func=find-db-1-title&amp;mode=titles&amp;azlist=N&amp;scan_utf=&amp;scan_start=lexisnexis+wirtschaft&amp;search_type=contains&amp;restricted=all\">LexisNexis Wirtschaft<\/a> (Berichtszeit: Juni 1980 ff.) k\u00f6nnen FU-Angeh\u00f6rige das Archiv der Tageszeitung durchsuchen, aktuelle Artikel im Volltext aufrufen und abspeichern.<\/p>\n<p><a href=\"https:\/\/aleph-www.ub.fu-berlin.de\/F\/?func=item-global&amp;doc_library=FUB01&amp;doc_number=004525410&amp;year=&amp;volume=&amp;sub_library=144\"><img loading=\"lazy\" decoding=\"async\" class=\"alignright size-full wp-image-13864\" src=\"https:\/\/blogs.fu-berlin.de\/bibliotheken\/files\/2013\/04\/embers-of-war.jpg\" alt=\"\" width=\"160\" height=\"211\" align=\"right\" \/><\/a>In der Kategorie f\u00fcr den besten Roman gewann Adam Johnsons <em>Das geraubte Leben des Waisen Jun Do<\/em> (Originaltitel: <em>The Orphan Master&#8217;s Son<\/em>), der das Leben eines Waisenkindes in Nordkorea erz\u00e4hlt. Ebenfalls nominiert war Nathan Englanders <a href=\"https:\/\/aleph-www.ub.fu-berlin.de\/F\/?func=item-global&amp;doc_library=FUB01&amp;doc_number=004498587&amp;year=&amp;volume=&amp;sub_library=144\"><em>What to Talk About When We Talk About Anne Frank<\/em><\/a>. Der Kurzgeschichtenband pr\u00e4sentiert zum Teil ganz eigen erz\u00e4hlte Episoden zur j\u00fcdischen Geschichte, Religion und Gegenwart und kann in der <a href=\"https:\/\/www.jfki.fu-berlin.de\/library\/index.html\">Bibliothek des John-F.-Kennedy-Instituts f\u00fcr Nordamerikastudien<\/a> ausgeliehen werden.<\/p>\n<p>Ebenfalls am JFKI ausleihbar sind zwei weitere Preistr\u00e4ger. In<em> <a href=\"https:\/\/aleph-www.ub.fu-berlin.de\/F\/?func=item-global&amp;doc_library=FUB01&amp;doc_number=004525410&amp;year=&amp;volume=&amp;sub_library=144\">Embers of War<\/a><\/em> sp\u00fcrt Fredrik Logevall, Geschichtsprofessor an der Cornell University, dem Konflikt in Vietnam nach \u2013 vom Ende des Zweiten Weltkriegs unter der damaligen franz\u00f6sischen Kolonialmacht bis Ende der 1950er-Jahre und der sich allm\u00e4hlich abzeichnenden Intervention der USA. Die <em>New York Times<\/em> lobte Anfang September in ihrer Kritik Logevalls Buch als bislang umfangreichstes Werk \u00fcber diese Epoche. Als bestes Sachbuch setzte sich Gilberts Kings <a href=\"https:\/\/aleph-www.ub.fu-berlin.de\/F\/?func=item-global&amp;doc_library=FUB01&amp;doc_number=004523666&amp;year=&amp;volume=&amp;sub_library=144\"><em>Devil in the Grove<\/em><\/a> durch. Es zeichnet den Kampf des afroamerikanischen B\u00fcrgerrechtsanwalts Thurgood Marshall f\u00fcr die Abschaffung der Rassentrennung an \u00f6ffentlichen Schulen (&#8222;Brown v. Board of Education&#8220;) nach.<\/p>\n<p>Das j\u00e4hrliche <em>Pulitzer Prize luncheon<\/em> findet \u00fcbrigens seit 1984 in der Low Library der Columbia University statt.<\/p>\n","protected":false},"excerpt":{"rendered":"<p>W\u00e4hrend momentan leider ganz andere Nachrichten aus den USA die Welt bewegen, sind gestern die Gewinner der Pulitzer-Preise bekannt gegeben worden. 1917 von dem aus \u00d6sterreich-Ungarn stammenden Journalisten und Zeitungsverleger Joseph Pulitzer (1847\u20131911) gestiftet, gelten sie als wichtigste Medienpreise in den Vereinigten Staaten. Ausgelobt werden gegenw\u00e4rtig 21 Kategorien, in denen Journalisten, Schriftsteller und Komponisten von &hellip; <a href=\"https:\/\/blogs.fu-berlin.de\/bibliotheken\/2013\/04\/16\/pulitzer-preise-vergeben\/\" class=\"more-link\"><span class=\"screen-reader-text\">\u201ePulitzer-Preise vergeben\u201c<\/span> weiterlesen<\/a><\/p>\n","protected":false},"author":293,"featured_media":0,"comment_status":"open","ping_status":"open","sticky":false,"template":"","format":"standard","meta":{"footnotes":""},"categories":[9,492],"tags":[12028],"class_list":["post-13857","post","type-post","status-publish","format-standard","hentry","category-allgemein","category-literaturtipps","tag-pulitzer-preise-2013"],"_links":{"self":[{"href":"https:\/\/blogs.fu-berlin.de\/bibliotheken\/wp-json\/wp\/v2\/posts\/13857","targetHints":{"allow":["GET"]}}],"collection":[{"href":"https:\/\/blogs.fu-berlin.de\/bibliotheken\/wp-json\/wp\/v2\/posts"}],"about":[{"href":"https:\/\/blogs.fu-berlin.de\/bibliotheken\/wp-json\/wp\/v2\/types\/post"}],"author":[{"embeddable":true,"href":"https:\/\/blogs.fu-berlin.de\/bibliotheken\/wp-json\/wp\/v2\/users\/293"}],"replies":[{"embeddable":true,"href":"https:\/\/blogs.fu-berlin.de\/bibliotheken\/wp-json\/wp\/v2\/comments?post=13857"}],"version-history":[{"count":15,"href":"https:\/\/blogs.fu-berlin.de\/bibliotheken\/wp-json\/wp\/v2\/posts\/13857\/revisions"}],"predecessor-version":[{"id":13874,"href":"https:\/\/blogs.fu-berlin.de\/bibliotheken\/wp-json\/wp\/v2\/posts\/13857\/revisions\/13874"}],"wp:attachment":[{"href":"https:\/\/blogs.fu-berlin.de\/bibliotheken\/wp-json\/wp\/v2\/media?parent=13857"}],"wp:term":[{"taxonomy":"category","embeddable":true,"href":"https:\/\/blogs.fu-berlin.de\/bibliotheken\/wp-json\/wp\/v2\/categories?post=13857"},{"taxonomy":"post_tag","embeddable":true,"href":"https:\/\/blogs.fu-berlin.de\/bibliotheken\/wp-json\/wp\/v2\/tags?post=13857"}],"curies":[{"name":"wp","href":"https:\/\/api.w.org\/{rel}","templated":true}]}}