{"id":13917,"date":"2013-04-25T20:35:23","date_gmt":"2013-04-25T19:35:23","guid":{"rendered":"https:\/\/blogs.fu-berlin.de\/bibliotheken\/?p=13917"},"modified":"2013-04-26T08:57:28","modified_gmt":"2013-04-26T07:57:28","slug":"wirtschaftswissenschaftliche-bibliothek-bei-facebook","status":"publish","type":"post","link":"https:\/\/blogs.fu-berlin.de\/bibliotheken\/2013\/04\/25\/wirtschaftswissenschaftliche-bibliothek-bei-facebook\/","title":{"rendered":"Wirtschaftswissenschaftliche Bibliothek bei Facebook"},"content":{"rendered":"<p><a href=\"https:\/\/de-de.facebook.com\/WirtschaftswissenschaftlicheBibliothek\"><img loading=\"lazy\" decoding=\"async\" class=\"alignright  wp-image-13958\" src=\"https:\/\/blogs.fu-berlin.de\/bibliotheken\/files\/2013\/04\/facebook.png\" alt=\"\" width=\"120\" height=\"120\" align=\"right\" srcset=\"https:\/\/blogs.fu-berlin.de\/bibliotheken\/files\/2013\/04\/facebook.png 160w, https:\/\/blogs.fu-berlin.de\/bibliotheken\/files\/2013\/04\/facebook-150x150.png 150w\" sizes=\"auto, (max-width: 120px) 85vw, 120px\" \/><\/a>Mit Beginn des Sommersemesters sind wir als Wirtschaftswissenschaftliche Bibliothek <a href=\"https:\/\/de-de.facebook.com\/WirtschaftswissenschaftlicheBibliothek\">Facebook<\/a> beigetreten.<\/p>\n<p><strong>Was erwarteten wir von der Pr\u00e4senz in Facebook?<\/strong><br \/>\nWir hoffen, dass wir die NutzerInnen dort abholen k\u00f6nnen, wo sie sich aufhalten. Zudem erhoffen wir uns verst\u00e4rkten Kontakt und Feedbacks. Nicht zuletzt vermitteln wir dadurch auch das Bild einer modernen Bibliothek.<\/p>\n<p><strong>Welche Meldungen\/Themen kommen auf die Pinnwand?<\/strong><br \/>\nAuf die Pinnwand kommen aktuelle Meldungen zu Schulungsangeboten, \u00d6ffnungszeiten, Literaturrecherche, Datenbanken, neuen Lehrb\u00fcchern (insbesondere als E-Books) und Besonderheiten in der Bibliothek, die so nicht unbedingt auf unserer Website zu sehen sind.<\/p>\n<p>Nutzen Sie diese bequeme M\u00f6glichkeit, umfassend und aktuell informiert zu werden und teilen Sie unsere Inhalte auch mit Ihren Facebook-\u201eFreunden\u201c.<br \/>\nWir freuen uns \u00fcber viele \u201eGef\u00e4llt mir\u201c!<\/p>\n","protected":false},"excerpt":{"rendered":"<p>Mit Beginn des Sommersemesters sind wir als Wirtschaftswissenschaftliche Bibliothek Facebook beigetreten. Was erwarteten wir von der Pr\u00e4senz in Facebook? Wir hoffen, dass wir die NutzerInnen dort abholen k\u00f6nnen, wo sie sich aufhalten. Zudem erhoffen wir uns verst\u00e4rkten Kontakt und Feedbacks. Nicht zuletzt vermitteln wir dadurch auch das Bild einer modernen Bibliothek. Welche Meldungen\/Themen kommen auf &hellip; <a href=\"https:\/\/blogs.fu-berlin.de\/bibliotheken\/2013\/04\/25\/wirtschaftswissenschaftliche-bibliothek-bei-facebook\/\" class=\"more-link\"><span class=\"screen-reader-text\">\u201eWirtschaftswissenschaftliche Bibliothek bei Facebook\u201c<\/span> weiterlesen<\/a><\/p>\n","protected":false},"author":278,"featured_media":0,"comment_status":"open","ping_status":"open","sticky":false,"template":"","format":"standard","meta":{"footnotes":""},"categories":[9,600],"tags":[1278,822],"class_list":["post-13917","post","type-post","status-publish","format-standard","hentry","category-allgemein","category-fachbibliotheken","tag-facebook","tag-wirtschaftswissenschaftliche-bibliothek"],"_links":{"self":[{"href":"https:\/\/blogs.fu-berlin.de\/bibliotheken\/wp-json\/wp\/v2\/posts\/13917","targetHints":{"allow":["GET"]}}],"collection":[{"href":"https:\/\/blogs.fu-berlin.de\/bibliotheken\/wp-json\/wp\/v2\/posts"}],"about":[{"href":"https:\/\/blogs.fu-berlin.de\/bibliotheken\/wp-json\/wp\/v2\/types\/post"}],"author":[{"embeddable":true,"href":"https:\/\/blogs.fu-berlin.de\/bibliotheken\/wp-json\/wp\/v2\/users\/278"}],"replies":[{"embeddable":true,"href":"https:\/\/blogs.fu-berlin.de\/bibliotheken\/wp-json\/wp\/v2\/comments?post=13917"}],"version-history":[{"count":48,"href":"https:\/\/blogs.fu-berlin.de\/bibliotheken\/wp-json\/wp\/v2\/posts\/13917\/revisions"}],"predecessor-version":[{"id":13966,"href":"https:\/\/blogs.fu-berlin.de\/bibliotheken\/wp-json\/wp\/v2\/posts\/13917\/revisions\/13966"}],"wp:attachment":[{"href":"https:\/\/blogs.fu-berlin.de\/bibliotheken\/wp-json\/wp\/v2\/media?parent=13917"}],"wp:term":[{"taxonomy":"category","embeddable":true,"href":"https:\/\/blogs.fu-berlin.de\/bibliotheken\/wp-json\/wp\/v2\/categories?post=13917"},{"taxonomy":"post_tag","embeddable":true,"href":"https:\/\/blogs.fu-berlin.de\/bibliotheken\/wp-json\/wp\/v2\/tags?post=13917"}],"curies":[{"name":"wp","href":"https:\/\/api.w.org\/{rel}","templated":true}]}}