{"id":13973,"date":"2013-04-29T15:27:40","date_gmt":"2013-04-29T14:27:40","guid":{"rendered":"https:\/\/blogs.fu-berlin.de\/bibliotheken\/?p=13973"},"modified":"2013-04-30T10:35:56","modified_gmt":"2013-04-30T09:35:56","slug":"ausstellung-in-der-ub-ein-platz-im-schatten-erinnerungen-an-die-deutsche-kolonialgeschichte","status":"publish","type":"post","link":"https:\/\/blogs.fu-berlin.de\/bibliotheken\/2013\/04\/29\/ausstellung-in-der-ub-ein-platz-im-schatten-erinnerungen-an-die-deutsche-kolonialgeschichte\/","title":{"rendered":"Ausstellung in der UB: Ein Platz im Schatten? Erinnerungen an die deutsche Kolonialgeschichte"},"content":{"rendered":"<p>In der <a href=\"https:\/\/www.ub.fu-berlin.de\/service_neu\/ausstellung\/index.html\" target=\"_blank\">Ausstellung &#8222;Ein Platz im Schatten?&#8220; im Foyer der Universit\u00e4tsbibliothek<\/a> der Freien Universit\u00e4t Berlin, erstmals gezeigt w\u00e4hrend der langen Nacht der Wissenschaften 2012, m\u00f6chten Ihnen die Studierenden des Masterstudiengangs Public History an der Freien Universit\u00e4t Berlin (<a href=\"https:\/\/www.geschkult.fu-berlin.de\/e\/phm\/index.html\" target=\"_blank\">www.public-history.fu-berlin.de<\/a>) zeigen, wo sich heute noch Spuren des Kolonialismus finden lassen.<\/p>\n<p>Zur Er\u00f6ffnung am <strong>Freitag, 03.05.2013, 16.00 Uhr<\/strong>, sind alle Interessierte herzlich in das Foyer der Universit\u00e4tsbibliothek eingeladen.<\/p>\n<p><strong>Ort:<\/strong> FU Berlin, Foyer der Universit\u00e4tsbibliothek, Garystr. 39, 14195 Berlin<br \/>\n<strong>\u00d6ffnungszeiten:<\/strong> 03.05.2013 \u2013 21.06.2013, Montag bis Freitag, 9 \u2013 20 Uhr<\/p>\n","protected":false},"excerpt":{"rendered":"<p>In der Ausstellung &#8222;Ein Platz im Schatten?&#8220; im Foyer der Universit\u00e4tsbibliothek der Freien Universit\u00e4t Berlin, erstmals gezeigt w\u00e4hrend der langen Nacht der Wissenschaften 2012, m\u00f6chten Ihnen die Studierenden des Masterstudiengangs Public History an der Freien Universit\u00e4t Berlin (www.public-history.fu-berlin.de) zeigen, wo sich heute noch Spuren des Kolonialismus finden lassen. Zur Er\u00f6ffnung am Freitag, 03.05.2013, 16.00 Uhr, &hellip; <a href=\"https:\/\/blogs.fu-berlin.de\/bibliotheken\/2013\/04\/29\/ausstellung-in-der-ub-ein-platz-im-schatten-erinnerungen-an-die-deutsche-kolonialgeschichte\/\" class=\"more-link\"><span class=\"screen-reader-text\">\u201eAusstellung in der UB: Ein Platz im Schatten? Erinnerungen an die deutsche Kolonialgeschichte\u201c<\/span> weiterlesen<\/a><\/p>\n","protected":false},"author":265,"featured_media":0,"comment_status":"open","ping_status":"open","sticky":false,"template":"","format":"standard","meta":{"footnotes":""},"categories":[70],"tags":[581,12034],"class_list":["post-13973","post","type-post","status-publish","format-standard","hentry","category-veranstaltungen","tag-ausstellung","tag-kolonialgeschichte"],"_links":{"self":[{"href":"https:\/\/blogs.fu-berlin.de\/bibliotheken\/wp-json\/wp\/v2\/posts\/13973","targetHints":{"allow":["GET"]}}],"collection":[{"href":"https:\/\/blogs.fu-berlin.de\/bibliotheken\/wp-json\/wp\/v2\/posts"}],"about":[{"href":"https:\/\/blogs.fu-berlin.de\/bibliotheken\/wp-json\/wp\/v2\/types\/post"}],"author":[{"embeddable":true,"href":"https:\/\/blogs.fu-berlin.de\/bibliotheken\/wp-json\/wp\/v2\/users\/265"}],"replies":[{"embeddable":true,"href":"https:\/\/blogs.fu-berlin.de\/bibliotheken\/wp-json\/wp\/v2\/comments?post=13973"}],"version-history":[{"count":9,"href":"https:\/\/blogs.fu-berlin.de\/bibliotheken\/wp-json\/wp\/v2\/posts\/13973\/revisions"}],"predecessor-version":[{"id":13982,"href":"https:\/\/blogs.fu-berlin.de\/bibliotheken\/wp-json\/wp\/v2\/posts\/13973\/revisions\/13982"}],"wp:attachment":[{"href":"https:\/\/blogs.fu-berlin.de\/bibliotheken\/wp-json\/wp\/v2\/media?parent=13973"}],"wp:term":[{"taxonomy":"category","embeddable":true,"href":"https:\/\/blogs.fu-berlin.de\/bibliotheken\/wp-json\/wp\/v2\/categories?post=13973"},{"taxonomy":"post_tag","embeddable":true,"href":"https:\/\/blogs.fu-berlin.de\/bibliotheken\/wp-json\/wp\/v2\/tags?post=13973"}],"curies":[{"name":"wp","href":"https:\/\/api.w.org\/{rel}","templated":true}]}}