{"id":14125,"date":"2013-05-10T08:30:28","date_gmt":"2013-05-10T07:30:28","guid":{"rendered":"https:\/\/blogs.fu-berlin.de\/bibliotheken\/?p=14125"},"modified":"2017-09-15T17:49:01","modified_gmt":"2017-09-15T16:49:01","slug":"historische-periodika-aus-spanien-und-uruguay","status":"publish","type":"post","link":"https:\/\/blogs.fu-berlin.de\/bibliotheken\/2013\/05\/10\/historische-periodika-aus-spanien-und-uruguay\/","title":{"rendered":"Historische Periodika aus Spanien und Uruguay"},"content":{"rendered":"<p><strong>Biblioteca Virtual de Prensa Hist\u00f3rica<\/strong><\/p>\n<p><a href=\"https:\/\/blogs.fu-berlin.de\/bibliotheken\/files\/2013\/05\/LogoSecundario_U20.gif\"><img loading=\"lazy\" decoding=\"async\" class=\"alignright size-full wp-image-14127\" src=\"https:\/\/blogs.fu-berlin.de\/bibliotheken\/files\/2013\/05\/LogoSecundario_U20.gif\" alt=\"\" width=\"64\" height=\"42\" align=\"right\" \/><\/a>In der spanischen virtuellen Bibliothek historischer Zeitungen und Zeitschriften <a href=\"https:\/\/dbis.ur.de\/detail.php?titel_id=7765&amp;bib_id=fub\" target=\"_blank\" rel=\"noopener\">(BVPH)<\/a> stellen verschiedene Bibliotheken, Archive, Stiftungen, Universit\u00e4ten und sonstige Einrichtungen im Rahmen eines gro\u00dfen kooperativen Digitalisierungsprojekts spanische Periodika aus dem 18.-20. Jahrhundert frei zur Verf\u00fcgung. Besondere Best\u00e4nde wie beispielsweise die Digitalisate klandestiner Zeitschriften der kommunistischen Opposition gegen das Franco-Regime sind in thematischen Sammlungen zusammengefasst.<br \/>\nDie Digitalisate liegen in hoher Aufl\u00f6sung vor und sind mit OCR auch als Volltext erfasst und durchsuchbar gemacht worden.<\/p>\n<p><strong>Publicaciones Peri\u00f3dicas del Uruguay<\/strong><br \/>\n<a href=\"https:\/\/blogs.fu-berlin.de\/bibliotheken\/files\/2013\/05\/logo2.jpg\"><img loading=\"lazy\" decoding=\"async\" class=\"alignright size-full wp-image-14132\" src=\"https:\/\/blogs.fu-berlin.de\/bibliotheken\/files\/2013\/05\/logo2-e1367566108977.jpg\" alt=\"\" width=\"137\" height=\"60\" align=\"right\" \/><\/a>Die Datenbank <a href=\"https:\/\/dbis.ur.de\/detail.php?titel_id=101632&amp;bib_id=fub\" target=\"_blank\" rel=\"noopener\">Publicaciones Peri\u00f3dicas del Uruguay<\/a> erm\u00f6glicht die Suche nach uruguayischen Zeitungen und Zeitschriften aus den letzten Jahren vor der Unabh\u00e4ngigkeit bis heute. Sie umfasst unter anderem Publikationen von ExilantInnen und ImmigrantInnen in Uruguay. Alle Zeitschriften liegen in digitalisierter Form vor, eine Volltextsuche ist nicht m\u00f6glich.<\/p>\n<h6>Danke f\u00fcr dieses Posting an Katja Selmikeit, Bibliotheksreferendarin.<\/h6>\n","protected":false},"excerpt":{"rendered":"<p>Biblioteca Virtual de Prensa Hist\u00f3rica In der spanischen virtuellen Bibliothek historischer Zeitungen und Zeitschriften (BVPH) stellen verschiedene Bibliotheken, Archive, Stiftungen, Universit\u00e4ten und sonstige Einrichtungen im Rahmen eines gro\u00dfen kooperativen Digitalisierungsprojekts spanische Periodika aus dem 18.-20. Jahrhundert frei zur Verf\u00fcgung. Besondere Best\u00e4nde wie beispielsweise die Digitalisate klandestiner Zeitschriften der kommunistischen Opposition gegen das Franco-Regime sind in &hellip; <a href=\"https:\/\/blogs.fu-berlin.de\/bibliotheken\/2013\/05\/10\/historische-periodika-aus-spanien-und-uruguay\/\" class=\"more-link\"><span class=\"screen-reader-text\">\u201eHistorische Periodika aus Spanien und Uruguay\u201c<\/span> weiterlesen<\/a><\/p>\n","protected":false},"author":293,"featured_media":0,"comment_status":"open","ping_status":"open","sticky":false,"template":"","format":"standard","meta":{"footnotes":""},"categories":[457,584805],"tags":[1762,12056,745,543],"class_list":["post-14125","post","type-post","status-publish","format-standard","hentry","category-digitale-bibliothek","category-was-ist-neu","tag-spanien","tag-uruguay","tag-zeitschrift","tag-zeitung"],"_links":{"self":[{"href":"https:\/\/blogs.fu-berlin.de\/bibliotheken\/wp-json\/wp\/v2\/posts\/14125","targetHints":{"allow":["GET"]}}],"collection":[{"href":"https:\/\/blogs.fu-berlin.de\/bibliotheken\/wp-json\/wp\/v2\/posts"}],"about":[{"href":"https:\/\/blogs.fu-berlin.de\/bibliotheken\/wp-json\/wp\/v2\/types\/post"}],"author":[{"embeddable":true,"href":"https:\/\/blogs.fu-berlin.de\/bibliotheken\/wp-json\/wp\/v2\/users\/293"}],"replies":[{"embeddable":true,"href":"https:\/\/blogs.fu-berlin.de\/bibliotheken\/wp-json\/wp\/v2\/comments?post=14125"}],"version-history":[{"count":9,"href":"https:\/\/blogs.fu-berlin.de\/bibliotheken\/wp-json\/wp\/v2\/posts\/14125\/revisions"}],"predecessor-version":[{"id":21735,"href":"https:\/\/blogs.fu-berlin.de\/bibliotheken\/wp-json\/wp\/v2\/posts\/14125\/revisions\/21735"}],"wp:attachment":[{"href":"https:\/\/blogs.fu-berlin.de\/bibliotheken\/wp-json\/wp\/v2\/media?parent=14125"}],"wp:term":[{"taxonomy":"category","embeddable":true,"href":"https:\/\/blogs.fu-berlin.de\/bibliotheken\/wp-json\/wp\/v2\/categories?post=14125"},{"taxonomy":"post_tag","embeddable":true,"href":"https:\/\/blogs.fu-berlin.de\/bibliotheken\/wp-json\/wp\/v2\/tags?post=14125"}],"curies":[{"name":"wp","href":"https:\/\/api.w.org\/{rel}","templated":true}]}}