{"id":14253,"date":"2013-05-14T14:48:20","date_gmt":"2013-05-14T13:48:20","guid":{"rendered":"https:\/\/blogs.fu-berlin.de\/bibliotheken\/?p=14253"},"modified":"2017-09-15T17:47:18","modified_gmt":"2017-09-15T16:47:18","slug":"zugriff-auf-hitler-quellen-1924-45","status":"publish","type":"post","link":"https:\/\/blogs.fu-berlin.de\/bibliotheken\/2013\/05\/14\/zugriff-auf-hitler-quellen-1924-45\/","title":{"rendered":"Zugriff auf &#8222;Hitler. Quellen 1924-45&#8220;"},"content":{"rendered":"<p><strong>Die Datenbank ist nicht mehr an der FU lizenziert (Stand: 09\/2017)!<\/strong><\/p>\n<p>Ab sofort k\u00f6nnen FU-Angeh\u00f6rige \u00fcber die Digitale Bibliothek kostenfrei auf die ca. 9000 Seiten umfassende Online-Ressource <a href=\"https:\/\/vs13.kobv.de\/V?portal=FUBERLIN&amp;institute=FUBERLIN&amp;func=find-db-1-title&amp;mode=titles&amp;azlist=N&amp;scan_utf=&amp;scan_start=hitler+quellen&amp;search_type=contains&amp;restricted=all\">Hitler. Quellen 1924-45<\/a> zugreifen.<\/p>\n<p>Die Datenbank vereint drei zentrale Quelleneditionen der Hitler-Forschung, die das gesamte Spektrum von Hitlers Weltanschauung dokumentieren:<\/p>\n<ul>\n<li><em>Hitler &#8211; Reden, Schriften, Anordnungen<\/em> (1925\u201333), hrsg. vom Institut f\u00fcr Zeitgeschichte, M\u00fcnchen: K.G. Saur, 1992 ff.<\/li>\n<li>Max Domarus, <em>Hitler, Reden und Proklamationen 1932\u20131945: kommentiert von einem deutschen Zeitgenossen<\/em>. 4. Aufl. 4 Bde. Leonberg: Pamminger und Partner 1988<\/li>\n<li><em>Der Hitler-Prozess 1924<\/em>, hrsg. vom Institut f\u00fcr Zeitgeschichte, M\u00fcnchen: K.G. Saur 1997 ff.<\/li>\n<\/ul>\n<p>Die drei Publikationen k\u00f6nnen \u00fcbergreifend durchsucht bzw. im Dropdown unter der Suchfunktion \u201ePublikation\u201c gezielt ausgew\u00e4hlt werden (gr\u00fcn eingef\u00e4rbt):<\/p>\n<p><a href=\"https:\/\/vs13.kobv.de\/V?portal=FUBERLIN&amp;institute=FUBERLIN&amp;func=find-db-1-title&amp;mode=titles&amp;azlist=N&amp;scan_utf=&amp;scan_start=hitler+quellen&amp;search_type=contains&amp;restricted=all\"><img loading=\"lazy\" decoding=\"async\" class=\"size-full wp-image-14255 aligncenter\" style=\"border: 1px solid black\" src=\"https:\/\/blogs.fu-berlin.de\/bibliotheken\/files\/2013\/05\/hitler.jpg\" alt=\"\" width=\"400\" height=\"197\" srcset=\"https:\/\/blogs.fu-berlin.de\/bibliotheken\/files\/2013\/05\/hitler.jpg 400w, https:\/\/blogs.fu-berlin.de\/bibliotheken\/files\/2013\/05\/hitler-300x147.jpg 300w\" sizes=\"auto, (max-width: 400px) 85vw, 400px\" \/><\/a><\/p>\n<p>Einzelne Texte k\u00f6nnen kopiert bzw. ausgedruckt oder als PDF-Datei abgespeichert werden.<\/p>\n","protected":false},"excerpt":{"rendered":"<p>Die Datenbank ist nicht mehr an der FU lizenziert (Stand: 09\/2017)! Ab sofort k\u00f6nnen FU-Angeh\u00f6rige \u00fcber die Digitale Bibliothek kostenfrei auf die ca. 9000 Seiten umfassende Online-Ressource Hitler. Quellen 1924-45 zugreifen. Die Datenbank vereint drei zentrale Quelleneditionen der Hitler-Forschung, die das gesamte Spektrum von Hitlers Weltanschauung dokumentieren: Hitler &#8211; Reden, Schriften, Anordnungen (1925\u201333), hrsg. vom &hellip; <a href=\"https:\/\/blogs.fu-berlin.de\/bibliotheken\/2013\/05\/14\/zugriff-auf-hitler-quellen-1924-45\/\" class=\"more-link\"><span class=\"screen-reader-text\">\u201eZugriff auf &#8222;Hitler. Quellen 1924-45&#8220;\u201c<\/span> weiterlesen<\/a><\/p>\n","protected":false},"author":293,"featured_media":0,"comment_status":"open","ping_status":"open","sticky":false,"template":"","format":"standard","meta":{"footnotes":""},"categories":[457,584805],"tags":[12072,692,471,1215,520],"class_list":["post-14253","post","type-post","status-publish","format-standard","hentry","category-digitale-bibliothek","category-was-ist-neu","tag-adolf-hitler","tag-de-gruyter","tag-geschichte","tag-nationalsozialismus","tag-volltexte"],"_links":{"self":[{"href":"https:\/\/blogs.fu-berlin.de\/bibliotheken\/wp-json\/wp\/v2\/posts\/14253","targetHints":{"allow":["GET"]}}],"collection":[{"href":"https:\/\/blogs.fu-berlin.de\/bibliotheken\/wp-json\/wp\/v2\/posts"}],"about":[{"href":"https:\/\/blogs.fu-berlin.de\/bibliotheken\/wp-json\/wp\/v2\/types\/post"}],"author":[{"embeddable":true,"href":"https:\/\/blogs.fu-berlin.de\/bibliotheken\/wp-json\/wp\/v2\/users\/293"}],"replies":[{"embeddable":true,"href":"https:\/\/blogs.fu-berlin.de\/bibliotheken\/wp-json\/wp\/v2\/comments?post=14253"}],"version-history":[{"count":7,"href":"https:\/\/blogs.fu-berlin.de\/bibliotheken\/wp-json\/wp\/v2\/posts\/14253\/revisions"}],"predecessor-version":[{"id":21731,"href":"https:\/\/blogs.fu-berlin.de\/bibliotheken\/wp-json\/wp\/v2\/posts\/14253\/revisions\/21731"}],"wp:attachment":[{"href":"https:\/\/blogs.fu-berlin.de\/bibliotheken\/wp-json\/wp\/v2\/media?parent=14253"}],"wp:term":[{"taxonomy":"category","embeddable":true,"href":"https:\/\/blogs.fu-berlin.de\/bibliotheken\/wp-json\/wp\/v2\/categories?post=14253"},{"taxonomy":"post_tag","embeddable":true,"href":"https:\/\/blogs.fu-berlin.de\/bibliotheken\/wp-json\/wp\/v2\/tags?post=14253"}],"curies":[{"name":"wp","href":"https:\/\/api.w.org\/{rel}","templated":true}]}}