{"id":14275,"date":"2013-05-17T10:59:39","date_gmt":"2013-05-17T09:59:39","guid":{"rendered":"https:\/\/blogs.fu-berlin.de\/bibliotheken\/?p=14275"},"modified":"2013-05-17T11:27:23","modified_gmt":"2013-05-17T10:27:23","slug":"bibliothekare-in-der-ns-zeit","status":"publish","type":"post","link":"https:\/\/blogs.fu-berlin.de\/bibliotheken\/2013\/05\/17\/bibliothekare-in-der-ns-zeit\/","title":{"rendered":"Bibliothekare in der NS-Zeit"},"content":{"rendered":"<p>Zum Jahrestag der B\u00fccherverbrennung in Deutschland 1933 hat der Deutschlandfunk letzte Woche ein <a href=\"https:\/\/www.dradio.de\/dlf\/sendungen\/kulturheute\/2104730\/\">interessantes Interview<\/a> mit Michael Knoche gef\u00fchrt. Der Direktor der Herzogin Anna Amalia Bibliothek in Weimar geht darin u. a. auf die Rolle der deutschen Bibliothekare w\u00e4hrend der NS-Zeit ein.<\/p>\n<p>PS: Als Vorlage f\u00fcr die B\u00fccherverbrennungen dienten \u00fcbrigens die \u201eschwarze Listen\u201c des deutschen Bibliothekars und Nationalsozialisten Wolfgang Herrmann (s. <a href=\"https:\/\/de.wikipedia.org\/wiki\/Wolfgang_Herrmann_%28Bibliothekar%29\">Wikipedia-Eintrag<\/a>).<\/p>\n<h6>Gesehen im <a href=\"https:\/\/log.netbib.de\/archives\/2013\/05\/15\/die-deutschen-bibliothekare-in-der-ns-zeit\/\">Netbib Weblog<\/a><\/h6>\n","protected":false},"excerpt":{"rendered":"<p>Zum Jahrestag der B\u00fccherverbrennung in Deutschland 1933 hat der Deutschlandfunk letzte Woche ein interessantes Interview mit Michael Knoche gef\u00fchrt. Der Direktor der Herzogin Anna Amalia Bibliothek in Weimar geht darin u. a. auf die Rolle der deutschen Bibliothekare w\u00e4hrend der NS-Zeit ein. PS: Als Vorlage f\u00fcr die B\u00fccherverbrennungen dienten \u00fcbrigens die \u201eschwarze Listen\u201c des deutschen &hellip; <a href=\"https:\/\/blogs.fu-berlin.de\/bibliotheken\/2013\/05\/17\/bibliothekare-in-der-ns-zeit\/\" class=\"more-link\"><span class=\"screen-reader-text\">\u201eBibliothekare in der NS-Zeit\u201c<\/span> weiterlesen<\/a><\/p>\n","protected":false},"author":293,"featured_media":0,"comment_status":"open","ping_status":"open","sticky":false,"template":"","format":"standard","meta":{"footnotes":""},"categories":[9,599,604],"tags":[2583,12079,12080,1215,12078],"class_list":["post-14275","post","type-post","status-publish","format-standard","hentry","category-allgemein","category-bibliothekswesen","category-ins-netz-geschaut","tag-bibliothekare","tag-deutschlandfunk","tag-michael-knoche","tag-nationalsozialismus","tag-ns-raubgut"],"_links":{"self":[{"href":"https:\/\/blogs.fu-berlin.de\/bibliotheken\/wp-json\/wp\/v2\/posts\/14275","targetHints":{"allow":["GET"]}}],"collection":[{"href":"https:\/\/blogs.fu-berlin.de\/bibliotheken\/wp-json\/wp\/v2\/posts"}],"about":[{"href":"https:\/\/blogs.fu-berlin.de\/bibliotheken\/wp-json\/wp\/v2\/types\/post"}],"author":[{"embeddable":true,"href":"https:\/\/blogs.fu-berlin.de\/bibliotheken\/wp-json\/wp\/v2\/users\/293"}],"replies":[{"embeddable":true,"href":"https:\/\/blogs.fu-berlin.de\/bibliotheken\/wp-json\/wp\/v2\/comments?post=14275"}],"version-history":[{"count":6,"href":"https:\/\/blogs.fu-berlin.de\/bibliotheken\/wp-json\/wp\/v2\/posts\/14275\/revisions"}],"predecessor-version":[{"id":14279,"href":"https:\/\/blogs.fu-berlin.de\/bibliotheken\/wp-json\/wp\/v2\/posts\/14275\/revisions\/14279"}],"wp:attachment":[{"href":"https:\/\/blogs.fu-berlin.de\/bibliotheken\/wp-json\/wp\/v2\/media?parent=14275"}],"wp:term":[{"taxonomy":"category","embeddable":true,"href":"https:\/\/blogs.fu-berlin.de\/bibliotheken\/wp-json\/wp\/v2\/categories?post=14275"},{"taxonomy":"post_tag","embeddable":true,"href":"https:\/\/blogs.fu-berlin.de\/bibliotheken\/wp-json\/wp\/v2\/tags?post=14275"}],"curies":[{"name":"wp","href":"https:\/\/api.w.org\/{rel}","templated":true}]}}