{"id":14349,"date":"2013-05-22T12:32:23","date_gmt":"2013-05-22T11:32:23","guid":{"rendered":"https:\/\/blogs.fu-berlin.de\/bibliotheken\/?p=14349"},"modified":"2013-05-22T12:32:23","modified_gmt":"2013-05-22T11:32:23","slug":"bibliothek-der-zukunft","status":"publish","type":"post","link":"https:\/\/blogs.fu-berlin.de\/bibliotheken\/2013\/05\/22\/bibliothek-der-zukunft\/","title":{"rendered":"Bibliothek der Zukunft"},"content":{"rendered":"<p>Das Goethe-Institut notiert <a href=\"https:\/\/www.goethe.de\/wis\/bib\/fdk\/de10382510.htm\">f\u00fcnf Kollegeneinsch\u00e4tzungen<\/a>, wie die Bibliothek der Zukunft wohlm\u00f6glich aussehen wird. Und alle Meinungen gehen eigentlich in dieselbe Richtung.<\/p>\n<h6>Gesehen im <a href=\"https:\/\/www.univie.ac.at\/voeb\/blog\/?p=27222\">V\u00f6bblog<\/a><\/h6>\n","protected":false},"excerpt":{"rendered":"<p>Das Goethe-Institut notiert f\u00fcnf Kollegeneinsch\u00e4tzungen, wie die Bibliothek der Zukunft wohlm\u00f6glich aussehen wird. Und alle Meinungen gehen eigentlich in dieselbe Richtung. Gesehen im V\u00f6bblog<\/p>\n","protected":false},"author":293,"featured_media":0,"comment_status":"open","ping_status":"open","sticky":false,"template":"","format":"standard","meta":{"footnotes":""},"categories":[9,599,604],"tags":[297,2572],"class_list":["post-14349","post","type-post","status-publish","format-standard","hentry","category-allgemein","category-bibliothekswesen","category-ins-netz-geschaut","tag-bibliothek","tag-zukunft"],"_links":{"self":[{"href":"https:\/\/blogs.fu-berlin.de\/bibliotheken\/wp-json\/wp\/v2\/posts\/14349","targetHints":{"allow":["GET"]}}],"collection":[{"href":"https:\/\/blogs.fu-berlin.de\/bibliotheken\/wp-json\/wp\/v2\/posts"}],"about":[{"href":"https:\/\/blogs.fu-berlin.de\/bibliotheken\/wp-json\/wp\/v2\/types\/post"}],"author":[{"embeddable":true,"href":"https:\/\/blogs.fu-berlin.de\/bibliotheken\/wp-json\/wp\/v2\/users\/293"}],"replies":[{"embeddable":true,"href":"https:\/\/blogs.fu-berlin.de\/bibliotheken\/wp-json\/wp\/v2\/comments?post=14349"}],"version-history":[{"count":3,"href":"https:\/\/blogs.fu-berlin.de\/bibliotheken\/wp-json\/wp\/v2\/posts\/14349\/revisions"}],"predecessor-version":[{"id":14358,"href":"https:\/\/blogs.fu-berlin.de\/bibliotheken\/wp-json\/wp\/v2\/posts\/14349\/revisions\/14358"}],"wp:attachment":[{"href":"https:\/\/blogs.fu-berlin.de\/bibliotheken\/wp-json\/wp\/v2\/media?parent=14349"}],"wp:term":[{"taxonomy":"category","embeddable":true,"href":"https:\/\/blogs.fu-berlin.de\/bibliotheken\/wp-json\/wp\/v2\/categories?post=14349"},{"taxonomy":"post_tag","embeddable":true,"href":"https:\/\/blogs.fu-berlin.de\/bibliotheken\/wp-json\/wp\/v2\/tags?post=14349"}],"curies":[{"name":"wp","href":"https:\/\/api.w.org\/{rel}","templated":true}]}}