{"id":14570,"date":"2013-07-08T12:34:35","date_gmt":"2013-07-08T11:34:35","guid":{"rendered":"https:\/\/blogs.fu-berlin.de\/bibliotheken\/?p=14570"},"modified":"2013-07-08T12:34:35","modified_gmt":"2013-07-08T11:34:35","slug":"paul-raabe-verstorben","status":"publish","type":"post","link":"https:\/\/blogs.fu-berlin.de\/bibliotheken\/2013\/07\/08\/paul-raabe-verstorben\/","title":{"rendered":"Paul Raabe verstorben"},"content":{"rendered":"<p>Die <em>Frankfurter Allgemeine Zeitung<\/em> betitelte ihn einmal als wohl bekanntesten deutschen Bibliothekar nach Gotthold Ephraim Lessing \u2013 die Rede ist von Paul Raabe, der vergangenen Freitag im Alter von 86 Jahren in Wolfenb\u00fcttel verstorben ist. Der geb\u00fcrtige Oldenburger leitete von 1958 bis 1968 die Bibliothek des Deutschen Literaturarchivs Marbach, ehe er ab 1968 gut ein Viertel Jahrhundert lang die Geschicke der Herzog August Bibliothek in Wolfenb\u00fcttel steuerte, wo Lessing einer seiner Vorg\u00e4nger war. Unter seiner Leitung entwickelte sich die Bibliothek zur international anerkannten Studien- und Forschungsst\u00e4tte f\u00fcr das Mittelalter und die fr\u00fche Neuzeit. Als Pension\u00e4r war der ebenso ger\u00fchmte Literaturwissenschaftler auch f\u00fcr den Wiederaufbau der Franckeschen Stiftungen in Halle zust\u00e4ndig.<\/p>\n<p>Die Presse erinnert in mehreren Nachrufen an Raabe, darunter die <a href=\"https:\/\/www.faz.net\/aktuell\/feuilleton\/zum-tod-von-paul-raabe-der-kenner-als-retter-12274201.html\">FAZ<\/a>, <a href=\"https:\/\/www.welt.de\/kultur\/literarischewelt\/article117773398\/Der-Retter-der-Franckeschen-Stiftungen-ist-tot.html\">Welt<\/a>, <a href=\"https:\/\/www.nzz.ch\/aktuell\/feuilleton\/uebersicht\/bibliothekar-paul-raabe-gestorben-1.18112200\">NZZ<\/a> sowie der <a href=\"https:\/\/www.mdr.de\/sachsen-anhalt\/paul_raabe100_zc-a2551f81_zs-ae30b3e4.html\">MDR<\/a>. Bei der <a href=\"https:\/\/www.mz-web.de\/kultur---medien\/franckesche-stiftungen-paul-raabe-im-alter-von-86-jahren-gestorben,20642198,23611042.html\">Mitteldeutschen Zeitung<\/a> ist u. a. eine Anekdote aus seiner Anfangszeit in Halle nachzulesen.<\/p>\n","protected":false},"excerpt":{"rendered":"<p>Die Frankfurter Allgemeine Zeitung betitelte ihn einmal als wohl bekanntesten deutschen Bibliothekar nach Gotthold Ephraim Lessing \u2013 die Rede ist von Paul Raabe, der vergangenen Freitag im Alter von 86 Jahren in Wolfenb\u00fcttel verstorben ist. Der geb\u00fcrtige Oldenburger leitete von 1958 bis 1968 die Bibliothek des Deutschen Literaturarchivs Marbach, ehe er ab 1968 gut ein &hellip; <a href=\"https:\/\/blogs.fu-berlin.de\/bibliotheken\/2013\/07\/08\/paul-raabe-verstorben\/\" class=\"more-link\"><span class=\"screen-reader-text\">\u201ePaul Raabe verstorben\u201c<\/span> weiterlesen<\/a><\/p>\n","protected":false},"author":293,"featured_media":0,"comment_status":"open","ping_status":"open","sticky":false,"template":"","format":"standard","meta":{"footnotes":""},"categories":[9,599],"tags":[2554,12109],"class_list":["post-14570","post","type-post","status-publish","format-standard","hentry","category-allgemein","category-bibliothekswesen","tag-nachruf","tag-paul-raabe"],"_links":{"self":[{"href":"https:\/\/blogs.fu-berlin.de\/bibliotheken\/wp-json\/wp\/v2\/posts\/14570","targetHints":{"allow":["GET"]}}],"collection":[{"href":"https:\/\/blogs.fu-berlin.de\/bibliotheken\/wp-json\/wp\/v2\/posts"}],"about":[{"href":"https:\/\/blogs.fu-berlin.de\/bibliotheken\/wp-json\/wp\/v2\/types\/post"}],"author":[{"embeddable":true,"href":"https:\/\/blogs.fu-berlin.de\/bibliotheken\/wp-json\/wp\/v2\/users\/293"}],"replies":[{"embeddable":true,"href":"https:\/\/blogs.fu-berlin.de\/bibliotheken\/wp-json\/wp\/v2\/comments?post=14570"}],"version-history":[{"count":4,"href":"https:\/\/blogs.fu-berlin.de\/bibliotheken\/wp-json\/wp\/v2\/posts\/14570\/revisions"}],"predecessor-version":[{"id":14574,"href":"https:\/\/blogs.fu-berlin.de\/bibliotheken\/wp-json\/wp\/v2\/posts\/14570\/revisions\/14574"}],"wp:attachment":[{"href":"https:\/\/blogs.fu-berlin.de\/bibliotheken\/wp-json\/wp\/v2\/media?parent=14570"}],"wp:term":[{"taxonomy":"category","embeddable":true,"href":"https:\/\/blogs.fu-berlin.de\/bibliotheken\/wp-json\/wp\/v2\/categories?post=14570"},{"taxonomy":"post_tag","embeddable":true,"href":"https:\/\/blogs.fu-berlin.de\/bibliotheken\/wp-json\/wp\/v2\/tags?post=14570"}],"curies":[{"name":"wp","href":"https:\/\/api.w.org\/{rel}","templated":true}]}}