{"id":14634,"date":"2013-07-16T09:34:02","date_gmt":"2013-07-16T08:34:02","guid":{"rendered":"https:\/\/blogs.fu-berlin.de\/bibliotheken\/?p=14634"},"modified":"2017-09-15T17:35:47","modified_gmt":"2017-09-15T16:35:47","slug":"fachportal-fur-linguistik-gestartet","status":"publish","type":"post","link":"https:\/\/blogs.fu-berlin.de\/bibliotheken\/2013\/07\/16\/fachportal-fur-linguistik-gestartet\/","title":{"rendered":"Fachportal f\u00fcr Linguistik gestartet"},"content":{"rendered":"<p><a href=\"https:\/\/vs13.kobv.de\/V?portal=FUBERLIN&amp;institute=FUBERLIN&amp;func=find-db-1-title&amp;mode=titles&amp;azlist=N&amp;scan_utf=&amp;scan_start=linguistik-portal&amp;search_type=contains&amp;restricted=all\"><img loading=\"lazy\" decoding=\"async\" class=\"alignright size-full wp-image-14641\" src=\"https:\/\/blogs.fu-berlin.de\/bibliotheken\/files\/2013\/07\/Linguistik-Portal.gif\" alt=\"\" width=\"180\" height=\"62\" align=\"right\" \/><\/a>Seit April diesen Jahres ist das kostenfreie <a href=\"https:\/\/dbis.ur.de\/detail.php?titel_id=12069&amp;bib_id=fub\">Portal \u201eLin|gu|is|tik\u201c<\/a> online. Es entsteht in Kooperation zwischen der Universit\u00e4tsbibliothek J. C. Senckenberg Frankfurt a. M. (Projektleitung) und dem Institut f\u00fcr Deutsche Sprache (IDS) Mannheim sowie dem Linguistik-Server Essen (LinseLinks). Das Projekt wird von der Deutschen Forschungsgemeinschaft (DFG) gef\u00f6rdert mit dem Ziel, die Sammlungen des Sondersammelgebietes Allgemeine und Vergleichende Sprachwissenschaft, Allgemeine Linguistik \u00fcberregional besser verf\u00fcgbar zu machen. \u00dcber den Sammelschwerpunkt hinaus ist das Linguistik-Portal als zentraler Einstieg f\u00fcr alle europ\u00e4ischen und au\u00dfereurop\u00e4ischen Einzelphilologien konzipiert und umfasst sowohl synchrone als auch diachrone Sprachwissenschaft. Um relevante Ressourcen f\u00fcr den Nutzer schneller auffindbar zu machen, setzt das Linguistik-Portal auf eine detaillierte Erschlie\u00dfung nach behandelten Themen und Sprachen. Dar\u00fcber hinaus werden spezifische Zugriffsm\u00f6glichkeiten entwickelt, um den heterogenen Anspr\u00fcchen der unterschiedlichen Adressaten gerecht zu werden: Dazu z\u00e4hlen &#8222;Links f\u00fcr Einsteiger&#8220;, &#8222;Forschung&#8220; und &#8222;Korpora&#8220;.<\/p>\n<p>In der ersten Projektphase (2012-2014) werden die folgenden Module realisiert:<\/p>\n<ul>\n<li>Link-Verzeichnis (bereits realisiert)<\/li>\n<li>Online-Datenbanken (bereits realisiert)<\/li>\n<li>Bibliothekskataloge und Fachbibliografien (bereits realisiert)<\/li>\n<li>Neuerwerbungen und Neuerscheinungen (bereits realisiert)<\/li>\n<li>Online-W\u00f6rterb\u00fccher<\/li>\n<li>Dokumentenserver<\/li>\n<li>Online-Zeitschriften<\/li>\n<\/ul>\n<h6>Dem Text liegt die offizielle Webseite zugrunde.<\/h6>\n","protected":false},"excerpt":{"rendered":"<p>Seit April diesen Jahres ist das kostenfreie Portal \u201eLin|gu|is|tik\u201c online. Es entsteht in Kooperation zwischen der Universit\u00e4tsbibliothek J. C. Senckenberg Frankfurt a. M. (Projektleitung) und dem Institut f\u00fcr Deutsche Sprache (IDS) Mannheim sowie dem Linguistik-Server Essen (LinseLinks). Das Projekt wird von der Deutschen Forschungsgemeinschaft (DFG) gef\u00f6rdert mit dem Ziel, die Sammlungen des Sondersammelgebietes Allgemeine und &hellip; <a href=\"https:\/\/blogs.fu-berlin.de\/bibliotheken\/2013\/07\/16\/fachportal-fur-linguistik-gestartet\/\" class=\"more-link\"><span class=\"screen-reader-text\">\u201eFachportal f\u00fcr Linguistik gestartet\u201c<\/span> weiterlesen<\/a><\/p>\n","protected":false},"author":293,"featured_media":0,"comment_status":"open","ping_status":"open","sticky":false,"template":"","format":"standard","meta":{"footnotes":""},"categories":[457,584805],"tags":[2937,640,998],"class_list":["post-14634","post","type-post","status-publish","format-standard","hentry","category-digitale-bibliothek","category-was-ist-neu","tag-linguistik","tag-lizenzfrei","tag-virtuelle-fachbibliothek"],"_links":{"self":[{"href":"https:\/\/blogs.fu-berlin.de\/bibliotheken\/wp-json\/wp\/v2\/posts\/14634","targetHints":{"allow":["GET"]}}],"collection":[{"href":"https:\/\/blogs.fu-berlin.de\/bibliotheken\/wp-json\/wp\/v2\/posts"}],"about":[{"href":"https:\/\/blogs.fu-berlin.de\/bibliotheken\/wp-json\/wp\/v2\/types\/post"}],"author":[{"embeddable":true,"href":"https:\/\/blogs.fu-berlin.de\/bibliotheken\/wp-json\/wp\/v2\/users\/293"}],"replies":[{"embeddable":true,"href":"https:\/\/blogs.fu-berlin.de\/bibliotheken\/wp-json\/wp\/v2\/comments?post=14634"}],"version-history":[{"count":8,"href":"https:\/\/blogs.fu-berlin.de\/bibliotheken\/wp-json\/wp\/v2\/posts\/14634\/revisions"}],"predecessor-version":[{"id":21712,"href":"https:\/\/blogs.fu-berlin.de\/bibliotheken\/wp-json\/wp\/v2\/posts\/14634\/revisions\/21712"}],"wp:attachment":[{"href":"https:\/\/blogs.fu-berlin.de\/bibliotheken\/wp-json\/wp\/v2\/media?parent=14634"}],"wp:term":[{"taxonomy":"category","embeddable":true,"href":"https:\/\/blogs.fu-berlin.de\/bibliotheken\/wp-json\/wp\/v2\/categories?post=14634"},{"taxonomy":"post_tag","embeddable":true,"href":"https:\/\/blogs.fu-berlin.de\/bibliotheken\/wp-json\/wp\/v2\/tags?post=14634"}],"curies":[{"name":"wp","href":"https:\/\/api.w.org\/{rel}","templated":true}]}}