{"id":1473,"date":"2009-06-12T11:04:11","date_gmt":"2009-06-12T10:04:11","guid":{"rendered":"https:\/\/blogs.fu-berlin.de\/bibliotheken\/?p=1473"},"modified":"2009-06-12T16:15:18","modified_gmt":"2009-06-12T15:15:18","slug":"verlangerte-offnungszeiten-der-wirtschaftswissenschaftlichen-bibliothek-in-der-klausurrelevanten-zeit","status":"publish","type":"post","link":"https:\/\/blogs.fu-berlin.de\/bibliotheken\/2009\/06\/12\/verlangerte-offnungszeiten-der-wirtschaftswissenschaftlichen-bibliothek-in-der-klausurrelevanten-zeit\/","title":{"rendered":"Verl\u00e4ngerte \u00d6ffnungszeiten der Wirtschaftswissenschaftlichen Bibliothek in der klausurrelevanten Zeit"},"content":{"rendered":"<p>Die Wirtschaftswissenschaftliche Bibliothek beh\u00e4lt die verl\u00e4ngerten \u00d6ffnungszeiten bis zum 14.08.2009 bei.<\/p>\n<table border=\"0\" cellspacing=\"0\" cellpadding=\"0\">\n<tbody>\n<tr valign=\"top\">\n<td>Mo. &#8211; Fr.<\/td>\n<td>\u00a0 \u00a09.00 &#8211; 22.00 Uhr<\/td>\n<\/tr>\n<tr valign=\"top\">\n<td>Sa.\/So.<\/td>\n<td>\u00a0\u00a010.00 &#8211; 17.00 Uhr<\/td>\n<\/tr>\n<\/tbody>\n<\/table>\n<p>Das Wochenende 15.\/16.08.2009 ist geschlossen.<\/p>\n<p>Ab 17.08.2009 gelten die \u00d6ffnungszeiten f\u00fcr die vorlesungsfreie Zeit.<\/p>\n","protected":false},"excerpt":{"rendered":"<p>Die Wirtschaftswissenschaftliche Bibliothek beh\u00e4lt die verl\u00e4ngerten \u00d6ffnungszeiten bis zum 14.08.2009 bei. Mo. &#8211; Fr. \u00a0 \u00a09.00 &#8211; 22.00 Uhr Sa.\/So. \u00a0\u00a010.00 &#8211; 17.00 Uhr Das Wochenende 15.\/16.08.2009 ist geschlossen. Ab 17.08.2009 gelten die \u00d6ffnungszeiten f\u00fcr die vorlesungsfreie Zeit.<\/p>\n","protected":false},"author":278,"featured_media":0,"comment_status":"open","ping_status":"open","sticky":false,"template":"","format":"standard","meta":{"footnotes":""},"categories":[600],"tags":[641,822],"class_list":["post-1473","post","type-post","status-publish","format-standard","hentry","category-fachbibliotheken","tag-offnungszeiten","tag-wirtschaftswissenschaftliche-bibliothek"],"_links":{"self":[{"href":"https:\/\/blogs.fu-berlin.de\/bibliotheken\/wp-json\/wp\/v2\/posts\/1473","targetHints":{"allow":["GET"]}}],"collection":[{"href":"https:\/\/blogs.fu-berlin.de\/bibliotheken\/wp-json\/wp\/v2\/posts"}],"about":[{"href":"https:\/\/blogs.fu-berlin.de\/bibliotheken\/wp-json\/wp\/v2\/types\/post"}],"author":[{"embeddable":true,"href":"https:\/\/blogs.fu-berlin.de\/bibliotheken\/wp-json\/wp\/v2\/users\/278"}],"replies":[{"embeddable":true,"href":"https:\/\/blogs.fu-berlin.de\/bibliotheken\/wp-json\/wp\/v2\/comments?post=1473"}],"version-history":[{"count":3,"href":"https:\/\/blogs.fu-berlin.de\/bibliotheken\/wp-json\/wp\/v2\/posts\/1473\/revisions"}],"predecessor-version":[{"id":1480,"href":"https:\/\/blogs.fu-berlin.de\/bibliotheken\/wp-json\/wp\/v2\/posts\/1473\/revisions\/1480"}],"wp:attachment":[{"href":"https:\/\/blogs.fu-berlin.de\/bibliotheken\/wp-json\/wp\/v2\/media?parent=1473"}],"wp:term":[{"taxonomy":"category","embeddable":true,"href":"https:\/\/blogs.fu-berlin.de\/bibliotheken\/wp-json\/wp\/v2\/categories?post=1473"},{"taxonomy":"post_tag","embeddable":true,"href":"https:\/\/blogs.fu-berlin.de\/bibliotheken\/wp-json\/wp\/v2\/tags?post=1473"}],"curies":[{"name":"wp","href":"https:\/\/api.w.org\/{rel}","templated":true}]}}