{"id":14800,"date":"2013-08-16T16:08:42","date_gmt":"2013-08-16T15:08:42","guid":{"rendered":"https:\/\/blogs.fu-berlin.de\/bibliotheken\/?p=14800"},"modified":"2013-08-23T12:29:05","modified_gmt":"2013-08-23T11:29:05","slug":"longlist-fur-den-deutschen-buchpreis-2013-veroffentlicht","status":"publish","type":"post","link":"https:\/\/blogs.fu-berlin.de\/bibliotheken\/2013\/08\/16\/longlist-fur-den-deutschen-buchpreis-2013-veroffentlicht\/","title":{"rendered":"Longlist f\u00fcr den Deutschen Buchpreis 2013 ver\u00f6ffentlicht"},"content":{"rendered":"<p><a href=\"https:\/\/www.deutscher-buchpreis.de\/\"><img loading=\"lazy\" decoding=\"async\" class=\"alignright size-full wp-image-14801\" src=\"https:\/\/blogs.fu-berlin.de\/bibliotheken\/files\/2013\/08\/Deutscher-Buchpreis-2013.gif\" alt=\"\" width=\"150\" height=\"117\" align=\"right\" \/><\/a>Der B\u00f6rsenverein des deutschen Buchhandels hat diese Woche die 20 nominierten Romane f\u00fcr den Deutschen Buchpreis <a href=\"https:\/\/www.deutscher-buchpreis.de\/de\/629830\/\">bekanntgegeben<\/a>. Erst seit 2005 verliehen, gilt die mit insgesamt 37.500 Euro dotierte Auszeichnung als deutsche Antwort auf den franz\u00f6sischen Prix Goncourt oder den britischen Booker Prize.<\/p>\n<p>In diesem Jahr treffen die Werke von elf Deutschen, vier Schweizern, drei \u00d6sterreichern, einer geb\u00fcrtigen Russin und einer geb\u00fcrtigen Ungarin aufeinander. Unter den Nominierten sind u. a. B\u00fcchner-Preistr\u00e4ger Reinhard Jirgl, Daniel Kehlmann, Clemens Meyer, Uwe Timm und Urs Widmer vertreten.<\/p>\n<p><strong>FU-Absolventen unter den Nominierten<\/strong><\/p>\n<p>Auch zwei fr\u00fchere FU-Angeh\u00f6rige sind im Nominiertenfeld zu finden &#8211; Olaf K\u00fchl und Monika Zeiner.<\/p>\n<p>K\u00fchl, 1955 in Friesland geboren, studierte Slawistik, Osteurop\u00e4ische Geschichte und Zeitgeschichte an der Freien Universit\u00e4t und machte sich u. a. als \u00dcbersetzer aus dem Polnischen (u. a. Werke von Witold Gombrowicz, Adam Zagajewski, Andrzej Stasiuk und Dorota Mas\u0142owska) sowie als Russland-Referent des Regierenden B\u00fcrgermeisters von Berlin einen Namen. 2011\/12 oblag ihm an der FU die Schlegel-Gastprofessor f\u00fcr Poetik der \u00dcbersetzung. In seinem n\u00e4chsten Monat erscheinenden Roman <em>Der wahre Sohn<\/em> begibt sich die Hauptfigur Krynitzki auf die Suche nach einer verschwundenen Luxuslimousine. Die Spur f\u00fchrt von Deutschland nach Kiew, wo der Versicherungsdetektiv mit der gewaltreichen ukrainischen Geschichte konfrontiert wird.<\/p>\n<p>Monika Zeiner, geboren 1971 in W\u00fcrzburg, studierte an der FU Berlin und in Neapel und promovierte \u00fcber das Thema Liebesmelancholie im Mittelalter. In ihrem Deb\u00fctroman <em>Die Ordnung der Sterne \u00fcber Como<\/em> zeichnet die H\u00f6rspielautorin und S\u00e4ngerin eine Dreiecksgeschichte um einen Berliner Pianisten nach, der in Neapel darauf hofft, seine gro\u00dfe Liebe wiederzutreffen.<\/p>\n<p><strong>Lesung mit der nominierten Nellja Veremej<\/strong><\/p>\n<p>Auch mit der russisch-deutschen Journalistin Nellja Veremej k\u00f6nnte die FU bald eine potentielle Deutsche-Buchpreis-Gewinnerin willkommen hei\u00dfen \u2013 am 24. Oktober 2013 liest sie zur <a href=\"https:\/\/www.lange-nacht-der-bibliotheken.de\/index.php?id=97\">Langen Nacht der Bibliotheken<\/a> ab 22 Uhr in der <a href=\"https:\/\/www.fu-berlin.de\/sites\/philbib\/\">Philologischen Bibliothek<\/a> aus ihrem nominierten semi-autobiografischen Deb\u00fctroman <em>Berlin liegt im Osten<\/em>. Das Werk stellt eine aus der Sowjetunion stammende Altenpflegerin in den Mittelpunkt, die sich ihr Leben rund um den Alexanderplatz eingerichtet hat und an ihre Kindheit in Sibirien und das Studentenleben in Leningrad zur\u00fcckdenkt. Zu ihrem Roman lie\u00df sich Veremej eigenen Angaben zufolge u. a. von Alfred D\u00f6blins <em>Berlin Alexanderplatz<\/em> inspirieren.<\/p>\n<p><img decoding=\"async\" src=\"https:\/\/blogs.fu-berlin.de\/bibliotheken\/wp-includes\/js\/tinymce\/plugins\/wordpress\/img\/trans.gif\" alt=\"\" \/>Die 20 Nominierten im \u00dcberblick (verf\u00fcgbare Titel sind verlinkt und \u00fcberwiegend in der Philologischen Bibliothek vorhanden):<\/p>\n<ul>\n<li>Mirko Bonn\u00e9: <strong><em><a href=\"https:\/\/primo.kobv.de\/primo_library\/libweb\/action\/dlDisplay.do?docId=FUB_ALEPH004656212&amp;loc=adaptor,primo_central_multiple_fe&amp;vid=FUB\">Nie mehr Nacht<\/a> <\/em><\/strong>(Sch\u00f6ffling &amp; Co., August 2013)<\/li>\n<\/ul>\n<ul>\n<li>Ralph Dutli: <a href=\"https:\/\/primo.kobv.de\/primo_library\/libweb\/action\/dlDisplay.do?docId=FUB_ALEPH004592429&amp;loc=adaptor,primo_central_multiple_fe&amp;vid=FUB\"><em><strong>Soutines letzte Fahrt<\/strong><\/em><\/a> (Wallstein, M\u00e4rz 2013)<\/li>\n<\/ul>\n<ul>\n<li>Thomas Glavinic: <em><strong>Das gr\u00f6\u00dfere Wunder<\/strong><\/em> (Hanser, August 2013) \u2013 <a href=\"https:\/\/primo.kobv.de\/primo_library\/libweb\/action\/dlDisplay.do?docId=FUB_ALEPH004664241&amp;loc=adaptor,primo_central_multiple_fe&amp;vid=FUB\">in Erwerbung<\/a><\/li>\n<\/ul>\n<ul>\n<li>Norbert Gstrein: <a href=\"https:\/\/primo.kobv.de\/primo_library\/libweb\/action\/dlDisplay.do?docId=FUB_ALEPH004664096&amp;loc=adaptor,primo_central_multiple_fe&amp;vid=FUB\"><em><strong>Eine Ahnung vom Anfang<\/strong><\/em><\/a> (Hanser, Mai 2013)<\/li>\n<\/ul>\n<ul>\n<li>Reinhard Jirgl: <a href=\"https:\/\/primo.kobv.de\/primo_library\/libweb\/action\/dlDisplay.do?docId=FUB_ALEPH004585454&amp;loc=adaptor,primo_central_multiple_fe&amp;vid=FUB\"><em><strong>Nichts von euch auf Erden<\/strong><\/em><\/a> (Hanser, Februar 2013)<\/li>\n<\/ul>\n<ul>\n<li>Daniel Kehlmann: <em><strong>F<\/strong><\/em> (Rowohlt, September 2013)\u00a0\u2013 <a href=\"https:\/\/primo.kobv.de\/primo_library\/libweb\/action\/dlDisplay.do?docId=FUB_ALEPH004631383&amp;loc=adaptor,primo_central_multiple_fe&amp;vid=FUB\">in Erwerbung<\/a><\/li>\n<\/ul>\n<ul>\n<li>Judith Kuckart: <a href=\"https:\/\/primo.kobv.de\/primo_library\/libweb\/action\/dlDisplay.do?docId=FUB_ALEPH004592596&amp;loc=adaptor,primo_central_multiple_fe&amp;vid=FUB\"><em><strong>W\u00fcnsche<\/strong><\/em><\/a> (DuMont, M\u00e4rz 2013)<\/li>\n<\/ul>\n<ul>\n<li>Olaf K\u00fchl: <em><strong>Der wahre Sohn<\/strong><\/em> (Rowohlt.Berlin, September 2013)\u00a0\u2013 <a href=\"https:\/\/primo.kobv.de\/primo_library\/libweb\/action\/dlDisplay.do?docId=FUB_ALEPH004680220&amp;loc=adaptor,primo_central_multiple_fe&amp;vid=FUB\">in Erwerbung<\/a><\/li>\n<\/ul>\n<ul>\n<li>Dagmar Leupold: <em><strong>Unter der Hand<\/strong><\/em> (Jung und Jung, Juli 2013)\u00a0\u2013 <a href=\"https:\/\/primo.kobv.de\/primo_library\/libweb\/action\/dlDisplay.do?docId=FUB_ALEPH004680331&amp;loc=adaptor,primo_central_multiple_fe&amp;vid=FUB\">in Erwerbung<\/a><\/li>\n<\/ul>\n<ul>\n<li>Jonas L\u00fcscher: <a href=\"https:\/\/primo.kobv.de\/primo_library\/libweb\/action\/dlDisplay.do?docId=FUB_ALEPH004570672&amp;loc=adaptor,primo_central_multiple_fe&amp;vid=FUB\"><em><strong>Fr\u00fchling der Barbaren<\/strong><\/em><\/a> (C. H. Beck, Januar 2013)<\/li>\n<\/ul>\n<ul>\n<li>Clemens Meyer: <em><strong>Im Stein<\/strong><\/em> (S. Fischer, August 2013)\u00a0\u2013 <a href=\"https:\/\/primo.kobv.de\/primo_library\/libweb\/action\/dlDisplay.do?docId=FUB_ALEPH004631866&amp;loc=adaptor,primo_central_multiple_fe&amp;vid=FUB\">in Erwerbung<\/a><\/li>\n<\/ul>\n<ul>\n<li>Joachim Meyerhoff: <em><strong>Wann wird es endlich wieder so, wie es nie war <\/strong><\/em>(Kiepenheuer &amp; Witsch, Februar 2013)\u00a0\u2013 <a href=\"https:\/\/primo.kobv.de\/primo_library\/libweb\/action\/dlDisplay.do?docId=FUB_ALEPH004680344&amp;loc=adaptor,primo_central_multiple_fe&amp;vid=FUB\">in Erwerbung<\/a><\/li>\n<\/ul>\n<ul>\n<li>Ter\u00e9zia Mora: <em><strong>Das Ungeheuer<\/strong><\/em> (Luchterhand, September 2013)\u00a0\u2013 <a href=\"https:\/\/primo.kobv.de\/primo_library\/libweb\/action\/dlDisplay.do?docId=FUB_ALEPH004680347&amp;loc=adaptor,primo_central_multiple_fe&amp;vid=FUB\">in Erwerbung<\/a><\/li>\n<\/ul>\n<ul>\n<li>Marion Poschmann: <em><strong>Die Sonnenposition<\/strong><\/em> (Suhrkamp, August 2013)\u00a0\u2013 <a href=\"https:\/\/primo.kobv.de\/primo_library\/libweb\/action\/dlDisplay.do?docId=FUB_ALEPH004656203&amp;loc=adaptor,primo_central_multiple_fe&amp;vid=FUB\">in Erwerbung<\/a><\/li>\n<\/ul>\n<ul>\n<li>Thomas Stangl: <em><strong>Regeln des Tanzes\/Dunkler Tanz<\/strong><\/em> (Droschl, September 2013) \u2013 <a href=\"https:\/\/primo.kobv.de\/primo_library\/libweb\/action\/dlDisplay.do?docId=FUB_ALEPH004680350&amp;loc=adaptor,primo_central_multiple_fe&amp;vid=FUB\">in Erwerbung<\/a><\/li>\n<\/ul>\n<ul>\n<li>Jens Steiner: <em><strong>Carambole<\/strong><\/em> (D\u00f6rlemann, August 2013) \u2013 <a href=\"https:\/\/primo.kobv.de\/primo_library\/libweb\/action\/dlDisplay.do?docId=FUB_ALEPH004664102&amp;loc=adaptor,primo_central_multiple_fe&amp;vid=FUB\">in Erwerbung<\/a><\/li>\n<\/ul>\n<ul>\n<li>Uwe Timm: <a href=\"https:\/\/primo.kobv.de\/primo_library\/libweb\/action\/dlDisplay.do?docId=FUB_ALEPH004666539&amp;loc=adaptor,primo_central_multiple_fe&amp;vid=FUB\"><em><strong>Vogelweide<\/strong><\/em> <\/a>(Kiepenheuer &amp; Witsch, August 2013)<\/li>\n<\/ul>\n<ul>\n<li>Nellja Veremej: <a href=\"https:\/\/primo.kobv.de\/primo_library\/libweb\/action\/dlDisplay.do?docId=FUB_ALEPH004582127&amp;loc=adaptor,primo_central_multiple_fe&amp;vid=FUB\"><em><strong>Berlin liegt im Osten<\/strong><\/em><\/a> (Jung und Jung, Februar 2013)<\/li>\n<\/ul>\n<ul>\n<li>Urs Widmer: <em><strong>Reise an den Rand des Universums<\/strong><\/em> (Diogenes, August 2013)\u00a0\u2013 <a href=\"https:\/\/primo.kobv.de\/primo_library\/libweb\/action\/dlDisplay.do?docId=FUB_ALEPH004680353&amp;loc=adaptor,primo_central_multiple_fe&amp;vid=FUB\">in Erwerbung<\/a><\/li>\n<\/ul>\n<ul>\n<li>Monika Zeiner: <em><strong>Die Ordnung der Sterne \u00fcber Como<\/strong><\/em> (Blumenbar, M\u00e4rz 2013)\u00a0\u2013 <a href=\"https:\/\/primo.kobv.de\/primo_library\/libweb\/action\/dlDisplay.do?docId=FUB_ALEPH004676422&amp;loc=adaptor,primo_central_multiple_fe&amp;vid=FUB\">in Erwerbung<\/a><\/li>\n<\/ul>\n<p>Die Longlist wird am 11. September 2013 von der Jury um die Schriftsteller Helmut B\u00f6ttiger, Katrin Lange, Ursula M\u00e4rz und FAZ-Redakteur Andreas Platthaus auf sechs finale Romane reduziert, die sogenannte \u201eShortlist\u201c. Die Preisverleihung findet zum Auftakt der Frankfurter Buchmesse am 7. Oktober 2013 statt.<\/p>\n<p><a href=\"https:\/\/play.google.com\/store\/search?q=deutscher%20buchpreis\"><img loading=\"lazy\" decoding=\"async\" class=\"alignright size-full wp-image-14836\" src=\"https:\/\/blogs.fu-berlin.de\/bibliotheken\/files\/2013\/08\/Buchpreis-App.gif\" alt=\"\" width=\"100\" height=\"99\" align=\"right\" \/><\/a><strong>UPDATE<\/strong>, 21.08.: Via Google Play (Stichwort \u201e<a href=\"https:\/\/play.google.com\/store\/search?q=deutscher%20buchpreis\">Deutscher Buchpreis<\/a>\u201c) gab es im letzten Jahr erstmals die M\u00f6glichkeit, sich eine kostenfreie App auf sein Smartphone herunterzuladen und die Artikelanf\u00e4nge der auf der Longlist vertretenen B\u00fccher anzulesen bzw. vorgelesen zu bekommen. Die App l\u00e4uft noch immer etwas unrund, pr\u00e4sentiert aber nun alle 2013er-Kandidaten.<\/p>\n","protected":false},"excerpt":{"rendered":"<p>Der B\u00f6rsenverein des deutschen Buchhandels hat diese Woche die 20 nominierten Romane f\u00fcr den Deutschen Buchpreis bekanntgegeben. Erst seit 2005 verliehen, gilt die mit insgesamt 37.500 Euro dotierte Auszeichnung als deutsche Antwort auf den franz\u00f6sischen Prix Goncourt oder den britischen Booker Prize. In diesem Jahr treffen die Werke von elf Deutschen, vier Schweizern, drei \u00d6sterreichern, &hellip; <a href=\"https:\/\/blogs.fu-berlin.de\/bibliotheken\/2013\/08\/16\/longlist-fur-den-deutschen-buchpreis-2013-veroffentlicht\/\" class=\"more-link\"><span class=\"screen-reader-text\">\u201eLonglist f\u00fcr den Deutschen Buchpreis 2013 ver\u00f6ffentlicht\u201c<\/span> weiterlesen<\/a><\/p>\n","protected":false},"author":293,"featured_media":0,"comment_status":"open","ping_status":"open","sticky":false,"template":"","format":"standard","meta":{"footnotes":""},"categories":[604,492],"tags":[12136,12137],"class_list":["post-14800","post","type-post","status-publish","format-standard","hentry","category-ins-netz-geschaut","category-literaturtipps","tag-deutscher-buchpreis-2013","tag-longlist-2013"],"_links":{"self":[{"href":"https:\/\/blogs.fu-berlin.de\/bibliotheken\/wp-json\/wp\/v2\/posts\/14800","targetHints":{"allow":["GET"]}}],"collection":[{"href":"https:\/\/blogs.fu-berlin.de\/bibliotheken\/wp-json\/wp\/v2\/posts"}],"about":[{"href":"https:\/\/blogs.fu-berlin.de\/bibliotheken\/wp-json\/wp\/v2\/types\/post"}],"author":[{"embeddable":true,"href":"https:\/\/blogs.fu-berlin.de\/bibliotheken\/wp-json\/wp\/v2\/users\/293"}],"replies":[{"embeddable":true,"href":"https:\/\/blogs.fu-berlin.de\/bibliotheken\/wp-json\/wp\/v2\/comments?post=14800"}],"version-history":[{"count":27,"href":"https:\/\/blogs.fu-berlin.de\/bibliotheken\/wp-json\/wp\/v2\/posts\/14800\/revisions"}],"predecessor-version":[{"id":14915,"href":"https:\/\/blogs.fu-berlin.de\/bibliotheken\/wp-json\/wp\/v2\/posts\/14800\/revisions\/14915"}],"wp:attachment":[{"href":"https:\/\/blogs.fu-berlin.de\/bibliotheken\/wp-json\/wp\/v2\/media?parent=14800"}],"wp:term":[{"taxonomy":"category","embeddable":true,"href":"https:\/\/blogs.fu-berlin.de\/bibliotheken\/wp-json\/wp\/v2\/categories?post=14800"},{"taxonomy":"post_tag","embeddable":true,"href":"https:\/\/blogs.fu-berlin.de\/bibliotheken\/wp-json\/wp\/v2\/tags?post=14800"}],"curies":[{"name":"wp","href":"https:\/\/api.w.org\/{rel}","templated":true}]}}