{"id":14829,"date":"2013-08-20T14:19:27","date_gmt":"2013-08-20T13:19:27","guid":{"rendered":"https:\/\/blogs.fu-berlin.de\/bibliotheken\/?p=14829"},"modified":"2013-09-13T14:18:40","modified_gmt":"2013-09-13T13:18:40","slug":"zettelkatalog-adieu-die-ub-verschenkt-katalogschranke","status":"publish","type":"post","link":"https:\/\/blogs.fu-berlin.de\/bibliotheken\/2013\/08\/20\/zettelkatalog-adieu-die-ub-verschenkt-katalogschranke\/","title":{"rendered":"Zettelkatalog adieu &#8211; die UB verschenkt Katalogschr\u00e4nke"},"content":{"rendered":"<h4><strong><del datetime=\"2013-09-13T13:17:06+00:00\">Achtung: Alle Katalogschr\u00e4nke mit den Holzfronten sind bereits reserviert!!!<\/del><\/strong><\/h4>\n<p>Reservierungen sind nicht mehr g\u00fcltig -vgl.: <a href=\"https:\/\/blogs.fu-berlin.de\/bibliotheken\/2013\/09\/13\/katalogschranke-zu-verschenken-teil-2-reservierungen-sind-obsolet\/\">https:\/\/blogs.fu-berlin.de\/bibliotheken\/2013\/09\/13\/katalogschranke-zu-verschenken-teil-2-reservierungen-sind-obsolet\/<\/a><\/p>\n<p>Die Universit\u00e4tsbibliothek trennt sich vom Alphabetischen Zettelkatalog, der jahrzehntelang das Nachweisinstrument f\u00fcr Buchbest\u00e4nde an der Freien Universit\u00e4t Berlin gewesen ist.<\/p>\n<p>Bevor die Katalogk\u00e4sten auf dem M\u00fcll landen, k\u00f6nnen sich Fans von Retro-Design oder Interessierte, die eine andere Verwendung f\u00fcr unsere Katalogschr\u00e4nke haben bedienen.<\/p>\n<p>Auf der <a href=\"https:\/\/www.ub.fu-berlin.de\/news\/alterak.html\" target=\"_blank\">UB-Homepage finden Sie genaue Informationen zu den Objekten, Bilder und auch ein paar Links mit Ideen<\/a> f\u00fcr eine andere Nutzung.<\/p>\n","protected":false},"excerpt":{"rendered":"<p>Achtung: Alle Katalogschr\u00e4nke mit den Holzfronten sind bereits reserviert!!! Reservierungen sind nicht mehr g\u00fcltig -vgl.: https:\/\/blogs.fu-berlin.de\/bibliotheken\/2013\/09\/13\/katalogschranke-zu-verschenken-teil-2-reservierungen-sind-obsolet\/ Die Universit\u00e4tsbibliothek trennt sich vom Alphabetischen Zettelkatalog, der jahrzehntelang das Nachweisinstrument f\u00fcr Buchbest\u00e4nde an der Freien Universit\u00e4t Berlin gewesen ist. Bevor die Katalogk\u00e4sten auf dem M\u00fcll landen, k\u00f6nnen sich Fans von Retro-Design oder Interessierte, die eine andere Verwendung f\u00fcr &hellip; <a href=\"https:\/\/blogs.fu-berlin.de\/bibliotheken\/2013\/08\/20\/zettelkatalog-adieu-die-ub-verschenkt-katalogschranke\/\" class=\"more-link\"><span class=\"screen-reader-text\">\u201eZettelkatalog adieu &#8211; die UB verschenkt Katalogschr\u00e4nke\u201c<\/span> weiterlesen<\/a><\/p>\n","protected":false},"author":265,"featured_media":0,"comment_status":"open","ping_status":"open","sticky":false,"template":"","format":"standard","meta":{"footnotes":""},"categories":[601],"tags":[12139],"class_list":["post-14829","post","type-post","status-publish","format-standard","hentry","category-universitatsbibliothek","tag-katalogschranke-zu-verschenken"],"_links":{"self":[{"href":"https:\/\/blogs.fu-berlin.de\/bibliotheken\/wp-json\/wp\/v2\/posts\/14829","targetHints":{"allow":["GET"]}}],"collection":[{"href":"https:\/\/blogs.fu-berlin.de\/bibliotheken\/wp-json\/wp\/v2\/posts"}],"about":[{"href":"https:\/\/blogs.fu-berlin.de\/bibliotheken\/wp-json\/wp\/v2\/types\/post"}],"author":[{"embeddable":true,"href":"https:\/\/blogs.fu-berlin.de\/bibliotheken\/wp-json\/wp\/v2\/users\/265"}],"replies":[{"embeddable":true,"href":"https:\/\/blogs.fu-berlin.de\/bibliotheken\/wp-json\/wp\/v2\/comments?post=14829"}],"version-history":[{"count":11,"href":"https:\/\/blogs.fu-berlin.de\/bibliotheken\/wp-json\/wp\/v2\/posts\/14829\/revisions"}],"predecessor-version":[{"id":14835,"href":"https:\/\/blogs.fu-berlin.de\/bibliotheken\/wp-json\/wp\/v2\/posts\/14829\/revisions\/14835"}],"wp:attachment":[{"href":"https:\/\/blogs.fu-berlin.de\/bibliotheken\/wp-json\/wp\/v2\/media?parent=14829"}],"wp:term":[{"taxonomy":"category","embeddable":true,"href":"https:\/\/blogs.fu-berlin.de\/bibliotheken\/wp-json\/wp\/v2\/categories?post=14829"},{"taxonomy":"post_tag","embeddable":true,"href":"https:\/\/blogs.fu-berlin.de\/bibliotheken\/wp-json\/wp\/v2\/tags?post=14829"}],"curies":[{"name":"wp","href":"https:\/\/api.w.org\/{rel}","templated":true}]}}