{"id":14847,"date":"2013-08-28T10:59:36","date_gmt":"2013-08-28T09:59:36","guid":{"rendered":"https:\/\/blogs.fu-berlin.de\/bibliotheken\/?p=14847"},"modified":"2013-08-29T15:15:56","modified_gmt":"2013-08-29T14:15:56","slug":"bibliotheksgarten","status":"publish","type":"post","link":"https:\/\/blogs.fu-berlin.de\/bibliotheken\/2013\/08\/28\/bibliotheksgarten\/","title":{"rendered":"Bibliotheksgarten"},"content":{"rendered":"<p>Die<a href=\"https:\/\/www.polsoz.fu-berlin.de\/bibliothek\/index.html\"> Sozialwissenschaftliche Bibliothek &amp; Bibliothek des Osteuropa-Instituts<\/a> l\u00e4dt ein zum Lernen und Verweilen im neuen Bibliotheksgarten in der Garystra\u00dfe 55.<\/p>\n<p><a href=\"https:\/\/blogs.fu-berlin.de\/bibliotheken\/2013\/08\/28\/bibliotheksgarten\/bibliotheksgarten-neu\/\" rel=\"attachment wp-att-14905\"><img loading=\"lazy\" decoding=\"async\" class=\"size-medium wp-image-14905 alignright\" src=\"https:\/\/blogs.fu-berlin.de\/bibliotheken\/files\/2013\/08\/Bibliotheksgarten-neu-300x240.jpg\" alt=\"\" width=\"300\" height=\"240\" srcset=\"https:\/\/blogs.fu-berlin.de\/bibliotheken\/files\/2013\/08\/Bibliotheksgarten-neu-300x240.jpg 300w, https:\/\/blogs.fu-berlin.de\/bibliotheken\/files\/2013\/08\/Bibliotheksgarten-neu.jpg 1280w\" sizes=\"auto, (max-width: 300px) 85vw, 300px\" \/><\/a>Der ruhig gelegene Garten an der frischen Luft bietet die M\u00f6glichkeit, eine andere Art und Weise des Lernens auszuprobieren oder es sich auf den neuen Gartenm\u00f6beln bequem zu machen.<br \/>\nSelbstverst\u00e4ndlich gibt es auch Zugang zum WLAN, so da\u00df man es sich drau\u00dfen im Gr\u00fcnen gem\u00fctlich machen und auf die elektronischen Ressourcen zugreifen kann.<\/p>\n<h6>Posting verfa\u00dft mit Linda Polzin, FaMI-Auszubildende<\/h6>\n","protected":false},"excerpt":{"rendered":"<p>Die Sozialwissenschaftliche Bibliothek &amp; Bibliothek des Osteuropa-Instituts l\u00e4dt ein zum Lernen und Verweilen im neuen Bibliotheksgarten in der Garystra\u00dfe 55. Der ruhig gelegene Garten an der frischen Luft bietet die M\u00f6glichkeit, eine andere Art und Weise des Lernens auszuprobieren oder es sich auf den neuen Gartenm\u00f6beln bequem zu machen. Selbstverst\u00e4ndlich gibt es auch Zugang zum &hellip; <a href=\"https:\/\/blogs.fu-berlin.de\/bibliotheken\/2013\/08\/28\/bibliotheksgarten\/\" class=\"more-link\"><span class=\"screen-reader-text\">\u201eBibliotheksgarten\u201c<\/span> weiterlesen<\/a><\/p>\n","protected":false},"author":303,"featured_media":0,"comment_status":"open","ping_status":"open","sticky":false,"template":"","format":"standard","meta":{"footnotes":""},"categories":[600],"tags":[12145,577],"class_list":["post-14847","post","type-post","status-publish","format-standard","hentry","category-fachbibliotheken","tag-garten","tag-sozialwissenschaftliche-bibliothek"],"_links":{"self":[{"href":"https:\/\/blogs.fu-berlin.de\/bibliotheken\/wp-json\/wp\/v2\/posts\/14847","targetHints":{"allow":["GET"]}}],"collection":[{"href":"https:\/\/blogs.fu-berlin.de\/bibliotheken\/wp-json\/wp\/v2\/posts"}],"about":[{"href":"https:\/\/blogs.fu-berlin.de\/bibliotheken\/wp-json\/wp\/v2\/types\/post"}],"author":[{"embeddable":true,"href":"https:\/\/blogs.fu-berlin.de\/bibliotheken\/wp-json\/wp\/v2\/users\/303"}],"replies":[{"embeddable":true,"href":"https:\/\/blogs.fu-berlin.de\/bibliotheken\/wp-json\/wp\/v2\/comments?post=14847"}],"version-history":[{"count":43,"href":"https:\/\/blogs.fu-berlin.de\/bibliotheken\/wp-json\/wp\/v2\/posts\/14847\/revisions"}],"predecessor-version":[{"id":14970,"href":"https:\/\/blogs.fu-berlin.de\/bibliotheken\/wp-json\/wp\/v2\/posts\/14847\/revisions\/14970"}],"wp:attachment":[{"href":"https:\/\/blogs.fu-berlin.de\/bibliotheken\/wp-json\/wp\/v2\/media?parent=14847"}],"wp:term":[{"taxonomy":"category","embeddable":true,"href":"https:\/\/blogs.fu-berlin.de\/bibliotheken\/wp-json\/wp\/v2\/categories?post=14847"},{"taxonomy":"post_tag","embeddable":true,"href":"https:\/\/blogs.fu-berlin.de\/bibliotheken\/wp-json\/wp\/v2\/tags?post=14847"}],"curies":[{"name":"wp","href":"https:\/\/api.w.org\/{rel}","templated":true}]}}