{"id":14971,"date":"2013-09-04T08:46:41","date_gmt":"2013-09-04T07:46:41","guid":{"rendered":"https:\/\/blogs.fu-berlin.de\/bibliotheken\/?p=14971"},"modified":"2013-09-04T10:24:25","modified_gmt":"2013-09-04T09:24:25","slug":"link-des-monats-september-2013-wahl-o-mat-parteienavi","status":"publish","type":"post","link":"https:\/\/blogs.fu-berlin.de\/bibliotheken\/2013\/09\/04\/link-des-monats-september-2013-wahl-o-mat-parteienavi\/","title":{"rendered":"Link des Monats September 2013: Wahl-O-Mat &amp; ParteieNavi"},"content":{"rendered":"<p><a href=\"https:\/\/www.ub.fu-berlin.de\/service_neu\/linktipp\/1309.html\"><img loading=\"lazy\" decoding=\"async\" class=\"alignright size-full wp-image-14978\" src=\"https:\/\/blogs.fu-berlin.de\/bibliotheken\/files\/2013\/09\/Bundestag.gif\" alt=\"\" width=\"200\" height=\"150\" \/><\/a>In Deutschland finden am 22. September zum 18. Mal Bundestagswahlen statt. Da das hei\u00df erwartete TV-Duell ohne eindeutigen Sieger blieb (und die ber\u00fcchtigte &#8222;Deutschlandkette&#8220; nicht auf dem Wahlzettel zu finden ist <img decoding=\"async\" src=\"https:\/\/blogs.fu-berlin.de\/bibliotheken\/wp-includes\/images\/smilies\/icon_wink.gif\" alt=\";)\" \/>), m\u00f6chte unser <a href=\"https:\/\/www.ub.fu-berlin.de\/service_neu\/linktipp\/1309.html\">Link des Monats September<\/a> auf zwei f\u00fcr die eigene Wahlentscheidung hilfreiche Webseiten hinweisen: den bekannten Wahl-O-Maten und das brandneue ParteieNavi.<\/p>\n<h6>Bild: <a href=\"https:\/\/www.flickr.com\/photos\/97189192@N00\/3357446788\">Isabell Schulz (Lizenz: CC BY-SA 2.0)<\/a><\/h6>\n","protected":false},"excerpt":{"rendered":"<p>In Deutschland finden am 22. September zum 18. Mal Bundestagswahlen statt. Da das hei\u00df erwartete TV-Duell ohne eindeutigen Sieger blieb (und die ber\u00fcchtigte &#8222;Deutschlandkette&#8220; nicht auf dem Wahlzettel zu finden ist ), m\u00f6chte unser Link des Monats September auf zwei f\u00fcr die eigene Wahlentscheidung hilfreiche Webseiten hinweisen: den bekannten Wahl-O-Maten und das brandneue ParteieNavi. Bild: &hellip; <a href=\"https:\/\/blogs.fu-berlin.de\/bibliotheken\/2013\/09\/04\/link-des-monats-september-2013-wahl-o-mat-parteienavi\/\" class=\"more-link\"><span class=\"screen-reader-text\">\u201eLink des Monats September 2013: Wahl-O-Mat &amp; ParteieNavi\u201c<\/span> weiterlesen<\/a><\/p>\n","protected":false},"author":293,"featured_media":0,"comment_status":"open","ping_status":"open","sticky":false,"template":"","format":"standard","meta":{"footnotes":""},"categories":[604],"tags":[537,12146,2464],"class_list":["post-14971","post","type-post","status-publish","format-standard","hentry","category-ins-netz-geschaut","tag-link-des-monats","tag-parteienavi","tag-wahl-o-mat"],"_links":{"self":[{"href":"https:\/\/blogs.fu-berlin.de\/bibliotheken\/wp-json\/wp\/v2\/posts\/14971","targetHints":{"allow":["GET"]}}],"collection":[{"href":"https:\/\/blogs.fu-berlin.de\/bibliotheken\/wp-json\/wp\/v2\/posts"}],"about":[{"href":"https:\/\/blogs.fu-berlin.de\/bibliotheken\/wp-json\/wp\/v2\/types\/post"}],"author":[{"embeddable":true,"href":"https:\/\/blogs.fu-berlin.de\/bibliotheken\/wp-json\/wp\/v2\/users\/293"}],"replies":[{"embeddable":true,"href":"https:\/\/blogs.fu-berlin.de\/bibliotheken\/wp-json\/wp\/v2\/comments?post=14971"}],"version-history":[{"count":12,"href":"https:\/\/blogs.fu-berlin.de\/bibliotheken\/wp-json\/wp\/v2\/posts\/14971\/revisions"}],"predecessor-version":[{"id":14999,"href":"https:\/\/blogs.fu-berlin.de\/bibliotheken\/wp-json\/wp\/v2\/posts\/14971\/revisions\/14999"}],"wp:attachment":[{"href":"https:\/\/blogs.fu-berlin.de\/bibliotheken\/wp-json\/wp\/v2\/media?parent=14971"}],"wp:term":[{"taxonomy":"category","embeddable":true,"href":"https:\/\/blogs.fu-berlin.de\/bibliotheken\/wp-json\/wp\/v2\/categories?post=14971"},{"taxonomy":"post_tag","embeddable":true,"href":"https:\/\/blogs.fu-berlin.de\/bibliotheken\/wp-json\/wp\/v2\/tags?post=14971"}],"curies":[{"name":"wp","href":"https:\/\/api.w.org\/{rel}","templated":true}]}}