{"id":15063,"date":"2013-09-13T13:00:27","date_gmt":"2013-09-13T12:00:27","guid":{"rendered":"https:\/\/blogs.fu-berlin.de\/bibliotheken\/?p=15063"},"modified":"2013-09-16T13:35:14","modified_gmt":"2013-09-16T12:35:14","slug":"katalogschranke-zu-verschenken-teil-2-reservierungen-sind-obsolet","status":"publish","type":"post","link":"https:\/\/blogs.fu-berlin.de\/bibliotheken\/2013\/09\/13\/katalogschranke-zu-verschenken-teil-2-reservierungen-sind-obsolet\/","title":{"rendered":"Katalogschr\u00e4nke zu verschenken &#8211; Teil 2"},"content":{"rendered":"<p>Als die <a href=\"https:\/\/blogs.fu-berlin.de\/bibliotheken\/2013\/08\/20\/zettelkatalog-adieu-die-ub-verschenkt-katalogschranke\/\">Universit\u00e4tsbibliothek am 20. August dar\u00fcber informierte, dass Katalogschr\u00e4nke des alten AK verschenkt w\u00fcrden<\/a>, haben wir eigentlich mit einem eher m\u00e4\u00dfigen Interesse gerechnet. Die \u00dcberraschung war jedoch perfekt, als zumindest die Holzschr\u00e4nke binnen 48 Stunden alle mit Reservierungswunschzettelchen beklebt waren.<\/p>\n<p>Leider ist es anschlie\u00dfend dazu gekommen, dass die Markierungen f\u00fcr Reservierungen entfernt und ersetzt wurden &#8211; wir haben ganz eindeutige Beweise daf\u00fcr. <\/p>\n<p>Deswegen k\u00f6nnen nicht alle Reservierungen im gew\u00fcnschten Umfang ber\u00fccksichtigt werden. Vom 20. bis zum 30. September 2013 (Mo-Fr 9-19 Uhr) k\u00f6nnen die Katalogschr\u00e4nke abgeholt werden. Wir bitten um Verst\u00e4ndnis.<\/p>\n<p>Mehr Infos und Bilder unter: <a href=\"https:\/\/www.ub.fu-berlin.de\/news\/alterak.html\" target=\"_blank\">https:\/\/www.ub.fu-berlin.de\/news\/alterak.html<\/a><\/p>\n","protected":false},"excerpt":{"rendered":"<p>Als die Universit\u00e4tsbibliothek am 20. August dar\u00fcber informierte, dass Katalogschr\u00e4nke des alten AK verschenkt w\u00fcrden, haben wir eigentlich mit einem eher m\u00e4\u00dfigen Interesse gerechnet. Die \u00dcberraschung war jedoch perfekt, als zumindest die Holzschr\u00e4nke binnen 48 Stunden alle mit Reservierungswunschzettelchen beklebt waren. Leider ist es anschlie\u00dfend dazu gekommen, dass die Markierungen f\u00fcr Reservierungen entfernt und ersetzt &hellip; <a href=\"https:\/\/blogs.fu-berlin.de\/bibliotheken\/2013\/09\/13\/katalogschranke-zu-verschenken-teil-2-reservierungen-sind-obsolet\/\" class=\"more-link\"><span class=\"screen-reader-text\">\u201eKatalogschr\u00e4nke zu verschenken &#8211; Teil 2\u201c<\/span> weiterlesen<\/a><\/p>\n","protected":false},"author":265,"featured_media":0,"comment_status":"open","ping_status":"open","sticky":false,"template":"","format":"standard","meta":{"footnotes":""},"categories":[601],"tags":[12139],"class_list":["post-15063","post","type-post","status-publish","format-standard","hentry","category-universitatsbibliothek","tag-katalogschranke-zu-verschenken"],"_links":{"self":[{"href":"https:\/\/blogs.fu-berlin.de\/bibliotheken\/wp-json\/wp\/v2\/posts\/15063","targetHints":{"allow":["GET"]}}],"collection":[{"href":"https:\/\/blogs.fu-berlin.de\/bibliotheken\/wp-json\/wp\/v2\/posts"}],"about":[{"href":"https:\/\/blogs.fu-berlin.de\/bibliotheken\/wp-json\/wp\/v2\/types\/post"}],"author":[{"embeddable":true,"href":"https:\/\/blogs.fu-berlin.de\/bibliotheken\/wp-json\/wp\/v2\/users\/265"}],"replies":[{"embeddable":true,"href":"https:\/\/blogs.fu-berlin.de\/bibliotheken\/wp-json\/wp\/v2\/comments?post=15063"}],"version-history":[{"count":16,"href":"https:\/\/blogs.fu-berlin.de\/bibliotheken\/wp-json\/wp\/v2\/posts\/15063\/revisions"}],"predecessor-version":[{"id":15092,"href":"https:\/\/blogs.fu-berlin.de\/bibliotheken\/wp-json\/wp\/v2\/posts\/15063\/revisions\/15092"}],"wp:attachment":[{"href":"https:\/\/blogs.fu-berlin.de\/bibliotheken\/wp-json\/wp\/v2\/media?parent=15063"}],"wp:term":[{"taxonomy":"category","embeddable":true,"href":"https:\/\/blogs.fu-berlin.de\/bibliotheken\/wp-json\/wp\/v2\/categories?post=15063"},{"taxonomy":"post_tag","embeddable":true,"href":"https:\/\/blogs.fu-berlin.de\/bibliotheken\/wp-json\/wp\/v2\/tags?post=15063"}],"curies":[{"name":"wp","href":"https:\/\/api.w.org\/{rel}","templated":true}]}}