{"id":15093,"date":"2013-09-16T15:31:25","date_gmt":"2013-09-16T14:31:25","guid":{"rendered":"https:\/\/blogs.fu-berlin.de\/bibliotheken\/?p=15093"},"modified":"2013-09-16T15:31:25","modified_gmt":"2013-09-16T14:31:25","slug":"richtfest-fur-die-neue-bibliothek-an-der-silberlaube","status":"publish","type":"post","link":"https:\/\/blogs.fu-berlin.de\/bibliotheken\/2013\/09\/16\/richtfest-fur-die-neue-bibliothek-an-der-silberlaube\/","title":{"rendered":"Richtfest f\u00fcr die neue Bibliothek an der Silberlaube"},"content":{"rendered":"<p><img loading=\"lazy\" decoding=\"async\" src=\"https:\/\/blogs.fu-berlin.de\/bibliotheken\/files\/2013\/09\/richtfest1.jpg\" alt=\"Richtfest 24in1\" width=\"300\" height=\"200\" class=\"alignright size-full wp-image-15101\" \/>Nach ca. einem Jahr Baut\u00e4tigkeit wurde heute das Richtfest f\u00fcr den Bibliotheksneubau im Bereich der Silberlaube gefeiert. Der Rohbau ist also fertig &#8211; und das fristgerecht, wie Kanzler Lange betonte (vgl. auch: <a href=\"https:\/\/www.fu-berlin.de\/presse\/informationen\/fup\/2013\/fup_13_267\/index.html\">Pressemitteilung vNr. 267\/2013 vom 16.09.2013<\/a>).<\/p>\n<p>In sp\u00e4testens 18 Monaten sollen hier neben der Bibliothek Erziehungswissenschaften und Psychologie (inkl. Ostasien, Frauenforschung), die in ihr angestammtes Geb\u00e4ude in der Silberlaube zur\u00fcckzieht, die &#8222;kleinen F\u00e4cher&#8220; und die Naturwissenschaften ein neues gemeinsames zu Hause bekommen. An der Logistik der Zusammenf\u00fchrung wird im <a href=\"https:\/\/www.ub.fu-berlin.de\/projekt24in1\/\" title=\"Projekt 24in1\" target=\"_blank\">Projekt 24in1<\/a> schon seit Jahren gearbeitet, denn eine Integration so vieler Bibliotheken ist schon eine echte Aufgabe.<\/p>\n<p>Ein Name f\u00fcr die neue Bibliothek steht noch nicht fest. <\/p>\n","protected":false},"excerpt":{"rendered":"<p>Nach ca. einem Jahr Baut\u00e4tigkeit wurde heute das Richtfest f\u00fcr den Bibliotheksneubau im Bereich der Silberlaube gefeiert. Der Rohbau ist also fertig &#8211; und das fristgerecht, wie Kanzler Lange betonte (vgl. auch: Pressemitteilung vNr. 267\/2013 vom 16.09.2013). In sp\u00e4testens 18 Monaten sollen hier neben der Bibliothek Erziehungswissenschaften und Psychologie (inkl. Ostasien, Frauenforschung), die in ihr &hellip; <a href=\"https:\/\/blogs.fu-berlin.de\/bibliotheken\/2013\/09\/16\/richtfest-fur-die-neue-bibliothek-an-der-silberlaube\/\" class=\"more-link\"><span class=\"screen-reader-text\">\u201eRichtfest f\u00fcr die neue Bibliothek an der Silberlaube\u201c<\/span> weiterlesen<\/a><\/p>\n","protected":false},"author":265,"featured_media":0,"comment_status":"open","ping_status":"open","sticky":false,"template":"","format":"standard","meta":{"footnotes":""},"categories":[600],"tags":[297,8787],"class_list":["post-15093","post","type-post","status-publish","format-standard","hentry","category-fachbibliotheken","tag-bibliothek","tag-kleine-facher"],"_links":{"self":[{"href":"https:\/\/blogs.fu-berlin.de\/bibliotheken\/wp-json\/wp\/v2\/posts\/15093","targetHints":{"allow":["GET"]}}],"collection":[{"href":"https:\/\/blogs.fu-berlin.de\/bibliotheken\/wp-json\/wp\/v2\/posts"}],"about":[{"href":"https:\/\/blogs.fu-berlin.de\/bibliotheken\/wp-json\/wp\/v2\/types\/post"}],"author":[{"embeddable":true,"href":"https:\/\/blogs.fu-berlin.de\/bibliotheken\/wp-json\/wp\/v2\/users\/265"}],"replies":[{"embeddable":true,"href":"https:\/\/blogs.fu-berlin.de\/bibliotheken\/wp-json\/wp\/v2\/comments?post=15093"}],"version-history":[{"count":7,"href":"https:\/\/blogs.fu-berlin.de\/bibliotheken\/wp-json\/wp\/v2\/posts\/15093\/revisions"}],"predecessor-version":[{"id":15102,"href":"https:\/\/blogs.fu-berlin.de\/bibliotheken\/wp-json\/wp\/v2\/posts\/15093\/revisions\/15102"}],"wp:attachment":[{"href":"https:\/\/blogs.fu-berlin.de\/bibliotheken\/wp-json\/wp\/v2\/media?parent=15093"}],"wp:term":[{"taxonomy":"category","embeddable":true,"href":"https:\/\/blogs.fu-berlin.de\/bibliotheken\/wp-json\/wp\/v2\/categories?post=15093"},{"taxonomy":"post_tag","embeddable":true,"href":"https:\/\/blogs.fu-berlin.de\/bibliotheken\/wp-json\/wp\/v2\/tags?post=15093"}],"curies":[{"name":"wp","href":"https:\/\/api.w.org\/{rel}","templated":true}]}}