{"id":15119,"date":"2013-09-19T11:11:55","date_gmt":"2013-09-19T10:11:55","guid":{"rendered":"https:\/\/blogs.fu-berlin.de\/bibliotheken\/?p=15119"},"modified":"2013-09-20T08:49:22","modified_gmt":"2013-09-20T07:49:22","slug":"shortlists-fur-den-deutschen-buchpreis-und-hotlist-veroffentlicht","status":"publish","type":"post","link":"https:\/\/blogs.fu-berlin.de\/bibliotheken\/2013\/09\/19\/shortlists-fur-den-deutschen-buchpreis-und-hotlist-veroffentlicht\/","title":{"rendered":"Shortlists f\u00fcr den Deutschen Buchpreis und Hotlist ver\u00f6ffentlicht"},"content":{"rendered":"<p><a href=\"https:\/\/www.deutscher-buchpreis.de\/\"><img loading=\"lazy\" decoding=\"async\" class=\"alignright size-full wp-image-14801\" src=\"https:\/\/blogs.fu-berlin.de\/bibliotheken\/files\/2013\/08\/Deutscher-Buchpreis-2013.gif\" alt=\"\" width=\"150\" height=\"117\" align=\"right\" \/><\/a>Seit letzter Woche stehen die Shortlists f\u00fcr den Deutschen Buchpreis und den Preis der unabh\u00e4ngigen Buchverlage, die sogenannte Hotlist, fest.<\/p>\n<p><strong>Deutscher Buchpreis\u00a0\u2013 sechs aus 20<\/strong><\/p>\n<p>Beim Deutschen Buchpreis stand die Jury um die Schriftsteller Helmut B\u00f6ttiger, Katrin Lange, Ursula M\u00e4rz und FAZ-Redakteur Andreas Platthaus vor der nicht leichten Aufgabe, sich von 14 der <a href=\"https:\/\/blogs.fu-berlin.de\/bibliotheken\/2013\/08\/16\/longlist-fur-den-deutschen-buchpreis-2013-veroffentlicht\/\">20 vorausgew\u00e4hlten Titel<\/a> zu trennen.<\/p>\n<p>Folgende sechs Romane haben die Chance zum Auftakt der Frankfurter Buchmesse am 7. Oktober 2013 ausgezeichnet zu werden:<\/p>\n<ul>\n<li>Mirko Bonn\u00e9: <strong><em><a href=\"https:\/\/www.deutscher-buchpreis.de\/de\/635318\/\">Nie mehr Nacht<\/a> <\/em><\/strong>(Sch\u00f6ffling &amp; Co., August 2013)\u00a0\u2013 <a href=\"https:\/\/primo.kobv.de\/primo_library\/libweb\/action\/dlDisplay.do?docId=FUB_ALEPH004656212&amp;loc=adaptor,primo_central_multiple_fe&amp;vid=FUB\">Philologische Bibliothek<\/a><\/li>\n<\/ul>\n<ul>\n<li>Reinhard Jirgl: <a href=\"https:\/\/www.deutscher-buchpreis.de\/de\/635319\/\"><em><strong>Nichts von euch auf Erden<\/strong><\/em><\/a> (Hanser, Februar 2013)\u00a0\u2013 <a href=\"https:\/\/primo.kobv.de\/primo_library\/libweb\/action\/dlDisplay.do?docId=FUB_ALEPH004585454&amp;loc=adaptor,primo_central_multiple_fe&amp;vid=FUB\">Philologische Bibliothek<\/a><\/li>\n<\/ul>\n<ul>\n<li>Clemens Meyer: <a href=\"https:\/\/www.deutscher-buchpreis.de\/de\/635325\/\"><em><strong>Im Stein<\/strong><\/em><\/a> (S. Fischer, August 2013)\u00a0\u2013 <a href=\"https:\/\/primo.kobv.de\/primo_library\/libweb\/action\/dlDisplay.do?docId=FUB_ALEPH004631866&amp;loc=adaptor,primo_central_multiple_fe&amp;vid=FUB\">Philologische Bibliothek<\/a><\/li>\n<\/ul>\n<ul>\n<li>Ter\u00e9zia Mora: <a href=\"https:\/\/www.deutscher-buchpreis.de\/de\/635326\/\"><em><strong>Das Ungeheuer<\/strong><\/em><\/a> (Luchterhand, September 2013)\u00a0\u2013 <a href=\"https:\/\/primo.kobv.de\/primo_library\/libweb\/action\/dlDisplay.do?docId=FUB_ALEPH004680347&amp;loc=adaptor,primo_central_multiple_fe&amp;vid=FUB\">Philologische Bibliothek<\/a><\/li>\n<\/ul>\n<ul>\n<li>Marion Poschmann: <a href=\"https:\/\/www.deutscher-buchpreis.de\/de\/635327\/\"><em><strong>Die Sonnenposition<\/strong><\/em><\/a> (Suhrkamp, August 2013)\u00a0\u2013 in Erwerbung (<a href=\"https:\/\/primo.kobv.de\/primo_library\/libweb\/action\/dlDisplay.do?docId=FUB_ALEPH004656203&amp;loc=adaptor,primo_central_multiple_fe&amp;vid=FUB\">PhiloBib<\/a>)<\/li>\n<\/ul>\n<ul>\n<li>Monika Zeiner: <a href=\"https:\/\/www.deutscher-buchpreis.de\/de\/635317\/\"><em><strong>Die Ordnung der Sterne \u00fcber Como<\/strong><\/em><\/a> (Blumenbar, M\u00e4rz 2013)\u00a0\u2013 in Erwerbung (<a href=\"https:\/\/primo.kobv.de\/primo_library\/libweb\/action\/dlDisplay.do?docId=FUB_ALEPH004676422&amp;loc=adaptor,primo_central_multiple_fe&amp;vid=FUB\">PhiloBib<\/a>)<\/li>\n<\/ul>\n<p>Mit Monika Zeiner hat es auch eine fr\u00fchere FU-Angeh\u00f6rige unter die letzten sechs geschafft &#8211; geboren 1971 in W\u00fcrzburg, studierte Zeiner an der FU Berlin und in Neapel und promovierte \u00fcber das Thema Liebesmelancholie im Mittelalter. In ihrem Deb\u00fctroman <em>Die Ordnung der Sterne \u00fcber Como<\/em> zeichnet die H\u00f6rspielautorin und S\u00e4ngerin eine Dreiecksgeschichte um einen Berliner Pianisten nach, der in Neapel darauf hofft, seine gro\u00dfe Liebe wiederzutreffen.<\/p>\n<p>Via Google Play (Stichwort \u201e<a href=\"https:\/\/play.google.com\/store\/search?q=deutscher%20buchpreis\">Deutscher Buchpreis<\/a>\u201c) steht dieses Jahr wieder eine kostenfreie App f\u00fcr das Smartphone zur Verf\u00fcgung, mit der man die Artikelanf\u00e4nge der auf der Longlist vertretenen B\u00fccher anlesen kann bzw. vorgelesen bekommt. Auch <a href=\"https:\/\/www.deutscher-buchpreis.de\/de\/633612\/\">f\u00fcnf unabh\u00e4ngige Literaturblogs<\/a> rezensieren dieses Jahr die nominierten Titel und laden zur Diskussion ein.<\/p>\n<p><strong>Hotlist-Preis\u00a0\u2013 Aus 30 mach&#8216; 10<\/strong><br \/>\n<a href=\"https:\/\/www.hotlist-online.com\/\"><img loading=\"lazy\" decoding=\"async\" class=\"alignright size-full wp-image-14692\" src=\"https:\/\/blogs.fu-berlin.de\/bibliotheken\/files\/2013\/07\/Hotlist.png\" alt=\"\" width=\"150\" height=\"150\" align=\"right\" \/><\/a><br \/>\n2009 aus Protest von 20 deutschsprachigen Independent-Verlagen ins Leben gerufen, die nicht mit Titeln auf der Longlist zum Deutschen Buchpreis vertreten waren, setzt sich der Hotlist-Preist aus einer kombinierten Publikums- und Jurywahl zusammen. Im Gegensatz zu anderen Literaturpreisen wie etwa dem Deutschen Buchpreis gibt es kaum formelle Beschr\u00e4nkungen an Verfasser oder Literaturgattung, so dass unter anderem Romane, Lyrikb\u00e4nde, Graphic Novels, Essays, erz\u00e4hlende Sachb\u00fccher oder Anthologien aus dem deutschsprachigen Raum sowie \u00fcbersetzte Werke aus anderen Sprachen gegeneinander konkurrieren k\u00f6nnen.<\/p>\n<ul>\n<li>Luiz Ruffato: <strong><a href=\"https:\/\/www.hotlist-online.com\/die-30-kandidaten-2013\/assoziation-a\/\"><em>Es waren viele Pferde<\/em><\/a><\/strong> (Assoziation A, 2012) \u2013 <a href=\"https:\/\/primo.kobv.de\/primo_library\/libweb\/action\/dlDisplay.do?docId=FUB_ALEPH004576039&amp;loc=adaptor,primo_central_multiple_fe&amp;vid=FUB\">Philologische Bibliothek<\/a><\/li>\n<\/ul>\n<ul>\n<li>Julia Deck: <em><strong><a href=\"https:\/\/www.hotlist-online.com\/die-hotlist-2013\/wagenbach\/\">Viviane \u00c9lisabeth Fauville<\/a><\/strong><\/em> (Wagenbach, 2013)<\/li>\n<\/ul>\n<ul>\n<li>Patrick Deville: <strong><a href=\"https:\/\/www.hotlist-online.com\/die-hotlist-2013\/bilgerverlag\/\"><em>\u00c4quatoria<\/em><\/a><\/strong> (Bilger, 2013)<\/li>\n<\/ul>\n<ul>\n<li>Abbas Khider: <strong><a href=\"https:\/\/www.hotlist-online.com\/die-30-kandidaten-2013\/edition-nautilus\/\"><em>Brief in die Auberginenrepublik<\/em><\/a><\/strong> (Ed. Nautilus, 2013) \u2013 <a href=\"https:\/\/primo.kobv.de\/primo_library\/libweb\/action\/dlDisplay.do?docId=FUB_ALEPH004624831&amp;loc=adaptor,primo_central_multiple_fe&amp;vid=FUB\">Philologische Bibliothek<\/a><\/li>\n<\/ul>\n<ul>\n<li>Saskia Henning von Lange: <strong><a href=\"https:\/\/www.hotlist-online.com\/die-30-kandidaten-2013\/jung-und-jung\/\"><em>Alles, was drau\u00dfen ist<\/em><\/a><\/strong> (Jung u. Jung, 2013) \u2013 <a href=\"https:\/\/primo.kobv.de\/primo_library\/libweb\/action\/dlDisplay.do?docId=FUB_ALEPH004582129&amp;loc=adaptor,primo_central_multiple_fe&amp;vid=FUB\">Philologische Bibliothek<\/a><\/li>\n<\/ul>\n<ul>\n<li>Amy Hempel: <strong><a href=\"https:\/\/www.hotlist-online.com\/die-hotlist-2013\/luxbooks\/\"><em>Die Ernte<\/em><\/a><\/strong> (Luxbooks, 2013)<\/li>\n<\/ul>\n<ul>\n<li>Stevan Paul: <em><strong><a href=\"https:\/\/www.hotlist-online.com\/die-hotlist-2013\/mairisch-verlag\/\">Schlaraffenland<\/a><\/strong><\/em> (Mairisch-Verl., 2012)<\/li>\n<\/ul>\n<ul>\n<li>Philip Hoare: <a href=\"https:\/\/www.hotlist-online.com\/die-hotlist-2013\/mareverlag\/\"><em><strong>Leviathan oder Der Wal<\/strong><\/em><\/a> (mare, 2013)<\/li>\n<\/ul>\n<ul>\n<li>Ry\u016b Murakami: <strong><a href=\"https:\/\/www.hotlist-online.com\/die-30-kandidaten-2013\/septime-verlag\/\"><em>Das Casting<\/em><\/a><\/strong> (Septime Verl., 2013) \u2013 <a href=\"https:\/\/primo.kobv.de\/primo_library\/libweb\/action\/dlDisplay.do?docId=FUB_ALEPH004643956&amp;loc=adaptor,primo_central_multiple_fe&amp;vid=FUB\">Erziehungswiss.: Japanologie<\/a><\/li>\n<\/ul>\n<ul>\n<li>Wsewolod Petrow: <strong><a href=\"https:\/\/www.hotlist-online.com\/die-30-kandidaten-2013\/weidle-verlag\/\"><em>Die Manon Lescaut von Turdej<\/em><\/a><\/strong> (Weidle, 2012) \u2013 <a href=\"https:\/\/primo.kobv.de\/primo_library\/libweb\/action\/dlDisplay.do?docId=FUB_ALEPH004571430&amp;loc=adaptor,primo_central_multiple_fe&amp;vid=FUB\">Philologische Bibliothek<\/a><\/li>\n<\/ul>\n<p>Der Preistr\u00e4ger wird am 11. Oktober von einer Jury\u00a0 um die Autorin und fr\u00fchere Preistr\u00e4gerin Ulrike Almut Sandig bekanntgegeben.<\/p>\n","protected":false},"excerpt":{"rendered":"<p>Seit letzter Woche stehen die Shortlists f\u00fcr den Deutschen Buchpreis und den Preis der unabh\u00e4ngigen Buchverlage, die sogenannte Hotlist, fest. Deutscher Buchpreis\u00a0\u2013 sechs aus 20 Beim Deutschen Buchpreis stand die Jury um die Schriftsteller Helmut B\u00f6ttiger, Katrin Lange, Ursula M\u00e4rz und FAZ-Redakteur Andreas Platthaus vor der nicht leichten Aufgabe, sich von 14 der 20 vorausgew\u00e4hlten &hellip; <a href=\"https:\/\/blogs.fu-berlin.de\/bibliotheken\/2013\/09\/19\/shortlists-fur-den-deutschen-buchpreis-und-hotlist-veroffentlicht\/\" class=\"more-link\"><span class=\"screen-reader-text\">\u201eShortlists f\u00fcr den Deutschen Buchpreis und Hotlist ver\u00f6ffentlicht\u201c<\/span> weiterlesen<\/a><\/p>\n","protected":false},"author":293,"featured_media":0,"comment_status":"open","ping_status":"open","sticky":false,"template":"","format":"standard","meta":{"footnotes":""},"categories":[9],"tags":[12136,12124,1050],"class_list":["post-15119","post","type-post","status-publish","format-standard","hentry","category-allgemein","tag-deutscher-buchpreis-2013","tag-hotlist-2013","tag-shortlist"],"_links":{"self":[{"href":"https:\/\/blogs.fu-berlin.de\/bibliotheken\/wp-json\/wp\/v2\/posts\/15119","targetHints":{"allow":["GET"]}}],"collection":[{"href":"https:\/\/blogs.fu-berlin.de\/bibliotheken\/wp-json\/wp\/v2\/posts"}],"about":[{"href":"https:\/\/blogs.fu-berlin.de\/bibliotheken\/wp-json\/wp\/v2\/types\/post"}],"author":[{"embeddable":true,"href":"https:\/\/blogs.fu-berlin.de\/bibliotheken\/wp-json\/wp\/v2\/users\/293"}],"replies":[{"embeddable":true,"href":"https:\/\/blogs.fu-berlin.de\/bibliotheken\/wp-json\/wp\/v2\/comments?post=15119"}],"version-history":[{"count":12,"href":"https:\/\/blogs.fu-berlin.de\/bibliotheken\/wp-json\/wp\/v2\/posts\/15119\/revisions"}],"predecessor-version":[{"id":15136,"href":"https:\/\/blogs.fu-berlin.de\/bibliotheken\/wp-json\/wp\/v2\/posts\/15119\/revisions\/15136"}],"wp:attachment":[{"href":"https:\/\/blogs.fu-berlin.de\/bibliotheken\/wp-json\/wp\/v2\/media?parent=15119"}],"wp:term":[{"taxonomy":"category","embeddable":true,"href":"https:\/\/blogs.fu-berlin.de\/bibliotheken\/wp-json\/wp\/v2\/categories?post=15119"},{"taxonomy":"post_tag","embeddable":true,"href":"https:\/\/blogs.fu-berlin.de\/bibliotheken\/wp-json\/wp\/v2\/tags?post=15119"}],"curies":[{"name":"wp","href":"https:\/\/api.w.org\/{rel}","templated":true}]}}