{"id":15190,"date":"2013-10-02T10:04:28","date_gmt":"2013-10-02T09:04:28","guid":{"rendered":"https:\/\/blogs.fu-berlin.de\/bibliotheken\/?p=15190"},"modified":"2013-10-02T10:04:28","modified_gmt":"2013-10-02T09:04:28","slug":"katalogkasten-zu-verschenken-teil-3","status":"publish","type":"post","link":"https:\/\/blogs.fu-berlin.de\/bibliotheken\/2013\/10\/02\/katalogkasten-zu-verschenken-teil-3\/","title":{"rendered":"Katalogk\u00e4sten zu verschenken &#8211; Teil 3"},"content":{"rendered":"<p>Alle Katalogschr\u00e4nke mit Holzk\u00e4sten sind mittlerweile an den Mann oder die Frau gebracht worden (wir berichteten im September \u00fcber die <a href=\"https:\/\/blogs.fu-berlin.de\/bibliotheken\/2013\/09\/13\/katalogschranke-zu-verschenken-teil-2-reservierungen-sind-obsolet\/\">UB-Verschenkaktion<\/a>) .\u00a0 Anstelle von unseren Katalogkarten werden sie jetzt ganz anders genutzt &#8211; f\u00fcr Schrauben und \u00e4hnliches von einer Fahrradwerkstatt, als Weinregal, Couchtisch &#8211; als Stauraum f\u00fcr Schals und Socken, um nur ein paar Beispiele zu nennen.<\/p>\n<p><img loading=\"lazy\" decoding=\"async\" class=\"alignright\" src=\"https:\/\/www.ub.fu-berlin.de\/image\/news\/alterak5-kl.jpg\" alt=\"\" width=\"300\" height=\"175\" \/>Das finden wir ganz prima, denn es w\u00e4re wirklich schade gewesen, wenn die K\u00e4sten auf dem Sperrm\u00fcll gelandet w\u00e4ren.<\/p>\n<p>\u00dcbrig haben wir zurzeit noch ca. 20 Schr\u00e4nke mit grauen Fronten, die <strong>bis zum 15. Oktober abgeholt<\/strong> werden k\u00f6nnten.<\/p>\n<p>Vielleicht finden sich auch daf\u00fcr noch Verwendungen.<\/p>\n<p>Interessierte melden sich bitte bei Frau Kiekbach, die die Vergabe koordiniert: kiekbach@ub.fu-berlin.de<\/p>\n<p>&nbsp;<\/p>\n","protected":false},"excerpt":{"rendered":"<p>Alle Katalogschr\u00e4nke mit Holzk\u00e4sten sind mittlerweile an den Mann oder die Frau gebracht worden (wir berichteten im September \u00fcber die UB-Verschenkaktion) .\u00a0 Anstelle von unseren Katalogkarten werden sie jetzt ganz anders genutzt &#8211; f\u00fcr Schrauben und \u00e4hnliches von einer Fahrradwerkstatt, als Weinregal, Couchtisch &#8211; als Stauraum f\u00fcr Schals und Socken, um nur ein paar Beispiele &hellip; <a href=\"https:\/\/blogs.fu-berlin.de\/bibliotheken\/2013\/10\/02\/katalogkasten-zu-verschenken-teil-3\/\" class=\"more-link\"><span class=\"screen-reader-text\">\u201eKatalogk\u00e4sten zu verschenken &#8211; Teil 3\u201c<\/span> weiterlesen<\/a><\/p>\n","protected":false},"author":265,"featured_media":0,"comment_status":"open","ping_status":"open","sticky":false,"template":"","format":"standard","meta":{"footnotes":""},"categories":[601],"tags":[456],"class_list":["post-15190","post","type-post","status-publish","format-standard","hentry","category-universitatsbibliothek","tag-zettelkatalog"],"_links":{"self":[{"href":"https:\/\/blogs.fu-berlin.de\/bibliotheken\/wp-json\/wp\/v2\/posts\/15190","targetHints":{"allow":["GET"]}}],"collection":[{"href":"https:\/\/blogs.fu-berlin.de\/bibliotheken\/wp-json\/wp\/v2\/posts"}],"about":[{"href":"https:\/\/blogs.fu-berlin.de\/bibliotheken\/wp-json\/wp\/v2\/types\/post"}],"author":[{"embeddable":true,"href":"https:\/\/blogs.fu-berlin.de\/bibliotheken\/wp-json\/wp\/v2\/users\/265"}],"replies":[{"embeddable":true,"href":"https:\/\/blogs.fu-berlin.de\/bibliotheken\/wp-json\/wp\/v2\/comments?post=15190"}],"version-history":[{"count":6,"href":"https:\/\/blogs.fu-berlin.de\/bibliotheken\/wp-json\/wp\/v2\/posts\/15190\/revisions"}],"predecessor-version":[{"id":15196,"href":"https:\/\/blogs.fu-berlin.de\/bibliotheken\/wp-json\/wp\/v2\/posts\/15190\/revisions\/15196"}],"wp:attachment":[{"href":"https:\/\/blogs.fu-berlin.de\/bibliotheken\/wp-json\/wp\/v2\/media?parent=15190"}],"wp:term":[{"taxonomy":"category","embeddable":true,"href":"https:\/\/blogs.fu-berlin.de\/bibliotheken\/wp-json\/wp\/v2\/categories?post=15190"},{"taxonomy":"post_tag","embeddable":true,"href":"https:\/\/blogs.fu-berlin.de\/bibliotheken\/wp-json\/wp\/v2\/tags?post=15190"}],"curies":[{"name":"wp","href":"https:\/\/api.w.org\/{rel}","templated":true}]}}