{"id":1526,"date":"2009-06-16T08:47:13","date_gmt":"2009-06-16T07:47:13","guid":{"rendered":"https:\/\/blogs.fu-berlin.de\/bibliotheken\/?p=1526"},"modified":"2009-06-16T09:17:37","modified_gmt":"2009-06-16T08:17:37","slug":"ihne-21-und-gary-55-bestreikt-nur-diplomandinnen-haben-zugang","status":"publish","type":"post","link":"https:\/\/blogs.fu-berlin.de\/bibliotheken\/2009\/06\/16\/ihne-21-und-gary-55-bestreikt-nur-diplomandinnen-haben-zugang\/","title":{"rendered":"Ihne 21 und Gary 55 bestreikt &#8211; nur DiplomandInnen haben Zugang"},"content":{"rendered":"<p>Die <a href=\"https:\/\/www.polsoz.fu-berlin.de\/bibliothek\/index.html\">Sozialwissenschaftliche Bibliothek<\/a> und Bibliothek des Osteuropa-Instituts wird, wie die Institute in der Ihnestr. 21 und 22 und der Garystr. 55, im Rahmen des Bildungsstreiks bestreikt. Zugang erhalten <strong>nur DiplomandInnen<\/strong>, und zwar am hinteren Eingang zum Otto-Suhr-Institut in der Ihnestr. 21. Sie k\u00f6nnen dann zum Lesesaal in der Ihnestr. 21 gehen oder den Durchgang im ersten Stock benutzen, um zur Leihstelle und den Offenen Magazinen in der Garystr. 55 zu gelangen. Diese Bereiche sind f\u00fcr die DiplomandInnen jeweils von 9 bis 17 Uhr ge\u00f6ffnet. F\u00fcr die Zeit des Streiks sind keine Bestellungen f\u00fcr die Bibliothek \u00fcber den FU-Katalog m\u00f6glich. Die DiplomandInnen bestellen bitte vor Ort per Hand mit einem Leihschein. Bereits bereitgestellte B\u00fccher liegen so lange bereit, bis der Zugang wieder m\u00f6glich ist (voraussichtlich Anfang n\u00e4chster Woche). <strong>Mahngeb\u00fchren<\/strong> werden f\u00fcr die Zeit, in der die Bibliothek bestreikt wird, nicht erhoben.<\/p>\n<h6>Danke f\u00fcr dieses Posting an Gabriele Leschke (Sozialwissenschaftliche Bibliothek &amp; Bibliothek des Osteuropa-Instituts)<\/h6>\n","protected":false},"excerpt":{"rendered":"<p>Die Sozialwissenschaftliche Bibliothek und Bibliothek des Osteuropa-Instituts wird, wie die Institute in der Ihnestr. 21 und 22 und der Garystr. 55, im Rahmen des Bildungsstreiks bestreikt. Zugang erhalten nur DiplomandInnen, und zwar am hinteren Eingang zum Otto-Suhr-Institut in der Ihnestr. 21. Sie k\u00f6nnen dann zum Lesesaal in der Ihnestr. 21 gehen oder den Durchgang im &hellip; <a href=\"https:\/\/blogs.fu-berlin.de\/bibliotheken\/2009\/06\/16\/ihne-21-und-gary-55-bestreikt-nur-diplomandinnen-haben-zugang\/\" class=\"more-link\"><span class=\"screen-reader-text\">\u201eIhne 21 und Gary 55 bestreikt &#8211; nur DiplomandInnen haben Zugang\u201c<\/span> weiterlesen<\/a><\/p>\n","protected":false},"author":266,"featured_media":0,"comment_status":"open","ping_status":"open","sticky":false,"template":"","format":"standard","meta":{"footnotes":""},"categories":[600],"tags":[577,826],"class_list":["post-1526","post","type-post","status-publish","format-standard","hentry","category-fachbibliotheken","tag-sozialwissenschaftliche-bibliothek","tag-streik"],"_links":{"self":[{"href":"https:\/\/blogs.fu-berlin.de\/bibliotheken\/wp-json\/wp\/v2\/posts\/1526","targetHints":{"allow":["GET"]}}],"collection":[{"href":"https:\/\/blogs.fu-berlin.de\/bibliotheken\/wp-json\/wp\/v2\/posts"}],"about":[{"href":"https:\/\/blogs.fu-berlin.de\/bibliotheken\/wp-json\/wp\/v2\/types\/post"}],"author":[{"embeddable":true,"href":"https:\/\/blogs.fu-berlin.de\/bibliotheken\/wp-json\/wp\/v2\/users\/266"}],"replies":[{"embeddable":true,"href":"https:\/\/blogs.fu-berlin.de\/bibliotheken\/wp-json\/wp\/v2\/comments?post=1526"}],"version-history":[{"count":9,"href":"https:\/\/blogs.fu-berlin.de\/bibliotheken\/wp-json\/wp\/v2\/posts\/1526\/revisions"}],"predecessor-version":[{"id":1535,"href":"https:\/\/blogs.fu-berlin.de\/bibliotheken\/wp-json\/wp\/v2\/posts\/1526\/revisions\/1535"}],"wp:attachment":[{"href":"https:\/\/blogs.fu-berlin.de\/bibliotheken\/wp-json\/wp\/v2\/media?parent=1526"}],"wp:term":[{"taxonomy":"category","embeddable":true,"href":"https:\/\/blogs.fu-berlin.de\/bibliotheken\/wp-json\/wp\/v2\/categories?post=1526"},{"taxonomy":"post_tag","embeddable":true,"href":"https:\/\/blogs.fu-berlin.de\/bibliotheken\/wp-json\/wp\/v2\/tags?post=1526"}],"curies":[{"name":"wp","href":"https:\/\/api.w.org\/{rel}","templated":true}]}}