{"id":15475,"date":"2013-10-22T08:19:08","date_gmt":"2013-10-22T07:19:08","guid":{"rendered":"https:\/\/blogs.fu-berlin.de\/bibliotheken\/?p=15475"},"modified":"2013-10-22T14:04:23","modified_gmt":"2013-10-22T13:04:23","slug":"eine-fee-mit-raschelnden-bucherseiten-anstelle-von-flugeln","status":"publish","type":"post","link":"https:\/\/blogs.fu-berlin.de\/bibliotheken\/2013\/10\/22\/eine-fee-mit-raschelnden-bucherseiten-anstelle-von-flugeln\/","title":{"rendered":"&#8222;Eine Fee mit raschelnden B\u00fccherseiten anstelle von Fl\u00fcgeln&#8220;"},"content":{"rendered":"<p><a href=\"https:\/\/blogs.fu-berlin.de\/bibliotheken\/2013\/10\/22\/eine-fee-mit-raschelnden-bucherseiten-anstelle-von-flugeln\/veremej-klein\/\" rel=\"attachment wp-att-15474\"><img loading=\"lazy\" decoding=\"async\" class=\"alignright size-full wp-image-15474\" src=\"https:\/\/blogs.fu-berlin.de\/bibliotheken\/files\/2013\/10\/Veremej-klein.jpg\" alt=\"Nellja Veremej\" width=\"240\" height=\"236\" \/><\/a><a href=\"https:\/\/www.ub.fu-berlin.de\/\/wwwazubi\/2007\/index.html\">Als altj\u00fcngferliche graue M\u00e4use mit Dutt und Brille<\/a>\u00a0werden Bibliothekarinnen h\u00e4ufig in der Literatur dargestellt. Eine erfrischende Abweichung von diesem <a href=\"https:\/\/home.earthlink.net\/~cyberresearcher\/resources.htm#stereotypes\">Stereotyp<\/a> ist die h\u00f6chst attraktive und belesene Bibliothekarin Vera in Nellja Veremejs Roman <a href=\"https:\/\/primo.kobv.de\/primo_library\/libweb\/action\/dlDisplay.do?docId=FUB_ALEPH004582127&amp;loc=adaptor,primo_central_multiple_fe&amp;vid=FUB\">&#8222;Berlin liegt im Osten&#8220;<\/a>, aus dem die Autorin bei der <a href=\"https:\/\/www.facebook.com\/LangeNachtFU\">Langen Nacht der Bibliotheken<\/a> an der Freien Universit\u00e4t lesen wird. Vera ist eine &#8222;sch\u00f6ne, junge Frau im offenherzigen, gebl\u00fcmten Kleid&#8220; (S. 69), eine &#8222;goldhaarige unz\u00fcchtige Fee mit dem absoluten Geh\u00f6r f\u00fcr Literatur&#8220; (S. 70), &#8222;eine H\u00fcterin der hohen Kultur, die Priesterin einer Sekte der Lesekundigen, der Eingeweihten, die besonders in der bergigen sowjetrussischen Provinz so schreiend deplatziert wirkten.&#8220; (S. 79).<\/p>\n<p>Wenn Sie Vera, Lena, Marina, Herrn Seitz und die anderen Figuren dieses wunderbaren Romans kennenlernen und sich von der poetischen Sprache seiner Autorin verzaubern lassen m\u00f6chten, dann kommen Sie am 24. Oktober um 22:00 Uhr zur Lesung von Nellja Veremej in die <a href=\"https:\/\/www.fu-berlin.de\/sites\/philbib\/\">Philologische Bibliothek<\/a>!<\/p>\n<p>M\u00f6chten Sie vorab die vielen begeisterten Rezensionen von &#8222;Berlin liegt im Osten&#8220; nachlesen, so finden Sie <a href=\"https:\/\/www.diigo.com\/list\/bergone\/Nellja+Veremej\/2q5dan4u1\">hier<\/a> eine Auswahl davon zusammengestellt. FU-Angeh\u00f6rige werden durch Klick auf den Zeitungstitel mit dem Volltext der Rezension in der Datenbank &#8222;<a href=\"https:\/\/www.wiso-net.de\/presse.tin?PRS_NAVIKUERZEL=PRE_AUF&amp;PRS_NAVIMERKDBN=\">wiso Presse<\/a>&#8220; verbunden.<\/p>\n<p>Das Zitat im Titel des Beitrags stammt aus Nellja Veremej: Berlin liegt im Osten. Salzburg : Jung u. Jung 2013, S. 313.<\/p>\n<p>Foto: privat<\/p>\n","protected":false},"excerpt":{"rendered":"<p>Als altj\u00fcngferliche graue M\u00e4use mit Dutt und Brille\u00a0werden Bibliothekarinnen h\u00e4ufig in der Literatur dargestellt. Eine erfrischende Abweichung von diesem Stereotyp ist die h\u00f6chst attraktive und belesene Bibliothekarin Vera in Nellja Veremejs Roman &#8222;Berlin liegt im Osten&#8220;, aus dem die Autorin bei der Langen Nacht der Bibliotheken an der Freien Universit\u00e4t lesen wird. Vera ist eine &hellip; <a href=\"https:\/\/blogs.fu-berlin.de\/bibliotheken\/2013\/10\/22\/eine-fee-mit-raschelnden-bucherseiten-anstelle-von-flugeln\/\" class=\"more-link\"><span class=\"screen-reader-text\">\u201e&#8222;Eine Fee mit raschelnden B\u00fccherseiten anstelle von Fl\u00fcgeln&#8220;\u201c<\/span> weiterlesen<\/a><\/p>\n","protected":false},"author":303,"featured_media":0,"comment_status":"open","ping_status":"open","sticky":false,"template":"","format":"standard","meta":{"footnotes":""},"categories":[600,70],"tags":[2295,832,12154,515,12173],"class_list":["post-15475","post","type-post","status-publish","format-standard","hentry","category-fachbibliotheken","category-veranstaltungen","tag-lange-nacht-der-bibliotheken","tag-lesung","tag-nellja-veremej","tag-philologische-bibliothek","tag-roman"],"_links":{"self":[{"href":"https:\/\/blogs.fu-berlin.de\/bibliotheken\/wp-json\/wp\/v2\/posts\/15475","targetHints":{"allow":["GET"]}}],"collection":[{"href":"https:\/\/blogs.fu-berlin.de\/bibliotheken\/wp-json\/wp\/v2\/posts"}],"about":[{"href":"https:\/\/blogs.fu-berlin.de\/bibliotheken\/wp-json\/wp\/v2\/types\/post"}],"author":[{"embeddable":true,"href":"https:\/\/blogs.fu-berlin.de\/bibliotheken\/wp-json\/wp\/v2\/users\/303"}],"replies":[{"embeddable":true,"href":"https:\/\/blogs.fu-berlin.de\/bibliotheken\/wp-json\/wp\/v2\/comments?post=15475"}],"version-history":[{"count":89,"href":"https:\/\/blogs.fu-berlin.de\/bibliotheken\/wp-json\/wp\/v2\/posts\/15475\/revisions"}],"predecessor-version":[{"id":15572,"href":"https:\/\/blogs.fu-berlin.de\/bibliotheken\/wp-json\/wp\/v2\/posts\/15475\/revisions\/15572"}],"wp:attachment":[{"href":"https:\/\/blogs.fu-berlin.de\/bibliotheken\/wp-json\/wp\/v2\/media?parent=15475"}],"wp:term":[{"taxonomy":"category","embeddable":true,"href":"https:\/\/blogs.fu-berlin.de\/bibliotheken\/wp-json\/wp\/v2\/categories?post=15475"},{"taxonomy":"post_tag","embeddable":true,"href":"https:\/\/blogs.fu-berlin.de\/bibliotheken\/wp-json\/wp\/v2\/tags?post=15475"}],"curies":[{"name":"wp","href":"https:\/\/api.w.org\/{rel}","templated":true}]}}