{"id":15625,"date":"2013-11-13T09:38:47","date_gmt":"2013-11-13T08:38:47","guid":{"rendered":"https:\/\/blogs.fu-berlin.de\/bibliotheken\/?p=15625"},"modified":"2013-11-13T11:48:44","modified_gmt":"2013-11-13T10:48:44","slug":"ausstellung-der-edition-mariannenpresse-in-der-ub","status":"publish","type":"post","link":"https:\/\/blogs.fu-berlin.de\/bibliotheken\/2013\/11\/13\/ausstellung-der-edition-mariannenpresse-in-der-ub\/","title":{"rendered":"Ausstellung der Edition Mariannenpresse in der UB"},"content":{"rendered":"<p><a href=\"https:\/\/blogs.fu-berlin.de\/bibliotheken\/2013\/11\/13\/ausstellung-der-edition-mariannenpresse-in-der-ub\/mariannenpresse-kl-2\/\" rel=\"attachment wp-att-15780\"><img loading=\"lazy\" decoding=\"async\" src=\"https:\/\/blogs.fu-berlin.de\/bibliotheken\/files\/2013\/11\/mariannenpresse-kl1.jpg\" alt=\"\" width=\"255\" height=\"280\" class=\"alignright size-full wp-image-15780\" \/><\/a>Die <a href=\"https:\/\/www.ub.fu-berlin.de\/service_neu\/ausstellung\/index.html\">Ausstellung in der Universit\u00e4tsbibliothek mit K\u00fcnstlerb\u00fcchern aus der Berliner Edition Mariannenpresse<\/a> ist vom 13.11.2013 bis zum 06.01.2014 im Foyer der Universit\u00e4tsbibliothek zu besichtigen.<\/p>\n<p>In 29 Jahren (1979-2008) erschienen 129 B\u00fccher mit Erstdrucken namhafter Autoren und Originalgrafiken bildender K\u00fcnstler in bibliophilen Ausgaben.<\/p>\n<h5>Die Er\u00f6ffnung der Ausstellung findet am 13. November 2013 um 17 Uhr im Foyer der Universit\u00e4tsbbliothek statt. Dr. Hannes Schwenger, der Herausgeber und Initiator der Mariannenpresse wird eine Einf\u00fchrung geben. Interessierte sind herzlich eingeladen.<\/h5>\n","protected":false},"excerpt":{"rendered":"<p>Die Ausstellung in der Universit\u00e4tsbibliothek mit K\u00fcnstlerb\u00fcchern aus der Berliner Edition Mariannenpresse ist vom 13.11.2013 bis zum 06.01.2014 im Foyer der Universit\u00e4tsbibliothek zu besichtigen. In 29 Jahren (1979-2008) erschienen 129 B\u00fccher mit Erstdrucken namhafter Autoren und Originalgrafiken bildender K\u00fcnstler in bibliophilen Ausgaben. Die Er\u00f6ffnung der Ausstellung findet am 13. November 2013 um 17 Uhr im &hellip; <a href=\"https:\/\/blogs.fu-berlin.de\/bibliotheken\/2013\/11\/13\/ausstellung-der-edition-mariannenpresse-in-der-ub\/\" class=\"more-link\"><span class=\"screen-reader-text\">\u201eAusstellung der Edition Mariannenpresse in der UB\u201c<\/span> weiterlesen<\/a><\/p>\n","protected":false},"author":265,"featured_media":0,"comment_status":"open","ping_status":"open","sticky":false,"template":"","format":"standard","meta":{"footnotes":""},"categories":[70],"tags":[12182],"class_list":["post-15625","post","type-post","status-publish","format-standard","hentry","category-veranstaltungen","tag-ausstellung-edition-mariannenpresse"],"_links":{"self":[{"href":"https:\/\/blogs.fu-berlin.de\/bibliotheken\/wp-json\/wp\/v2\/posts\/15625","targetHints":{"allow":["GET"]}}],"collection":[{"href":"https:\/\/blogs.fu-berlin.de\/bibliotheken\/wp-json\/wp\/v2\/posts"}],"about":[{"href":"https:\/\/blogs.fu-berlin.de\/bibliotheken\/wp-json\/wp\/v2\/types\/post"}],"author":[{"embeddable":true,"href":"https:\/\/blogs.fu-berlin.de\/bibliotheken\/wp-json\/wp\/v2\/users\/265"}],"replies":[{"embeddable":true,"href":"https:\/\/blogs.fu-berlin.de\/bibliotheken\/wp-json\/wp\/v2\/comments?post=15625"}],"version-history":[{"count":12,"href":"https:\/\/blogs.fu-berlin.de\/bibliotheken\/wp-json\/wp\/v2\/posts\/15625\/revisions"}],"predecessor-version":[{"id":15784,"href":"https:\/\/blogs.fu-berlin.de\/bibliotheken\/wp-json\/wp\/v2\/posts\/15625\/revisions\/15784"}],"wp:attachment":[{"href":"https:\/\/blogs.fu-berlin.de\/bibliotheken\/wp-json\/wp\/v2\/media?parent=15625"}],"wp:term":[{"taxonomy":"category","embeddable":true,"href":"https:\/\/blogs.fu-berlin.de\/bibliotheken\/wp-json\/wp\/v2\/categories?post=15625"},{"taxonomy":"post_tag","embeddable":true,"href":"https:\/\/blogs.fu-berlin.de\/bibliotheken\/wp-json\/wp\/v2\/tags?post=15625"}],"curies":[{"name":"wp","href":"https:\/\/api.w.org\/{rel}","templated":true}]}}