{"id":15650,"date":"2013-10-28T19:39:56","date_gmt":"2013-10-28T18:39:56","guid":{"rendered":"https:\/\/blogs.fu-berlin.de\/bibliotheken\/?p=15650"},"modified":"2013-11-01T16:56:33","modified_gmt":"2013-11-01T15:56:33","slug":"nachlese-zur-langen-nacht-der-bibliotheken","status":"publish","type":"post","link":"https:\/\/blogs.fu-berlin.de\/bibliotheken\/2013\/10\/28\/nachlese-zur-langen-nacht-der-bibliotheken\/","title":{"rendered":"Nachlese zur Langen Nacht der Bibliotheken"},"content":{"rendered":"<p><a href=\"https:\/\/blogs.fu-berlin.de\/bibliotheken\/2013\/10\/28\/nachlese-zur-langen-nacht-der-bibliotheken\/lange-nacht-12\/\" rel=\"attachment wp-att-15649\"><img loading=\"lazy\" decoding=\"async\" class=\"alignright size-medium wp-image-15649\" src=\"https:\/\/blogs.fu-berlin.de\/bibliotheken\/files\/2013\/10\/Lange-Nacht-12-300x225.jpg\" alt=\"Nellja Veremej signiert ihren Roman\" width=\"300\" height=\"225\" srcset=\"https:\/\/blogs.fu-berlin.de\/bibliotheken\/files\/2013\/10\/Lange-Nacht-12-300x225.jpg 300w, https:\/\/blogs.fu-berlin.de\/bibliotheken\/files\/2013\/10\/Lange-Nacht-12.jpg 1621w\" sizes=\"auto, (max-width: 300px) 85vw, 300px\" \/><\/a>&#8222;Schlaflos in Dahlem&#8220; &#8211; unter diesem Motto haben sich viele Besucherinnen und Besucher am 24. Oktober in der Philologischen Bibliothek von unserem abwechslungsreichen Programm unterhalten lassen. Wer die Vortr\u00e4ge von Dr. Ulrike Tarnow und Dr. Wolfgang Beyrodt sowie von Dr. Sigrid L\u00f6ffler besucht hat, ist jetzt bestens \u00fcber die kunsthistorischen Namensgeber der Dahlemer Stra\u00dfen und \u00fcber den literarischen Kanon informiert. Vitamine konnten entweder verkostet oder in Form von wundersch\u00f6nen Obstillustrationen in Werken aus der Bibliothek am Botanischen Garten betrachtet werden. Die US-amerikanische H\u00f6r- und Lesebar lud mit einer illustren Auswahl an Schallplatten und B\u00fcchern zum Chillen ein, und Nellja Veremej versorgte das Publikum bei ihrer Lesung aus ihrem Roman &#8222;Berlin liegt im Osten&#8220; zu sp\u00e4ter Stunde mit purer Poesie. Wer selber aktiv werden wollte, tauschte sich beim <a href=\"https:\/\/sco.lt\/7udYpt\">Ersten Berliner Book dating<\/a> mit Gleichgesinnten \u00fcber seine Lieblingsb\u00fccher aus oder verwandelte die unterste Ebene der Bibliothek in ein fetziges Zumba-Parkett. Wir bedanken uns bei allen teilnehmenden und mitwirkenden Schlaflosen f\u00fcr diese tolle Nacht!<\/p>\n<p><strong>Nachtrag: <\/strong>Einen <a href=\"https:\/\/www.fu-berlin.de\/campusleben\/campus\/2013\/131101_lange-nacht-der-bibliotheken\/index.html\">ausf\u00fchrlichen Artikel<\/a> \u00fcber die Lange Nacht der Bibliotheken an der Freien Universit\u00e4t, in dem auch \u00fcber die Vortr\u00e4ge in der Bibliothek Rechtswissenschaft und der Wirtschaftswissenschaftlichen Bibliothek berichtet wird, hat Annika Middeldorf f\u00fcr das Online-Magazin <a href=\"https:\/\/www.fu-berlin.de\/campusleben\/index.html\">campus.leben<\/a> geschrieben.<\/p>\n<p>Die Illustration zeigt Nellja Veremej (links im Bild, sitzend) bei Signieren ihres Romans &#8222;Berlin liegt im Osten&#8220;.<\/p>\n<p>Foto: Gerd Schubert<\/p>\n","protected":false},"excerpt":{"rendered":"<p>&#8222;Schlaflos in Dahlem&#8220; &#8211; unter diesem Motto haben sich viele Besucherinnen und Besucher am 24. Oktober in der Philologischen Bibliothek von unserem abwechslungsreichen Programm unterhalten lassen. Wer die Vortr\u00e4ge von Dr. Ulrike Tarnow und Dr. Wolfgang Beyrodt sowie von Dr. Sigrid L\u00f6ffler besucht hat, ist jetzt bestens \u00fcber die kunsthistorischen Namensgeber der Dahlemer Stra\u00dfen und &hellip; <a href=\"https:\/\/blogs.fu-berlin.de\/bibliotheken\/2013\/10\/28\/nachlese-zur-langen-nacht-der-bibliotheken\/\" class=\"more-link\"><span class=\"screen-reader-text\">\u201eNachlese zur Langen Nacht der Bibliotheken\u201c<\/span> weiterlesen<\/a><\/p>\n","protected":false},"author":303,"featured_media":0,"comment_status":"open","ping_status":"open","sticky":false,"template":"","format":"standard","meta":{"footnotes":""},"categories":[600,601,70],"tags":[12161,2587,2295,515,822],"class_list":["post-15650","post","type-post","status-publish","format-standard","hentry","category-fachbibliotheken","category-universitatsbibliothek","category-veranstaltungen","tag-bibliothek-rechtswissenschaft","tag-campus-leben","tag-lange-nacht-der-bibliotheken","tag-philologische-bibliothek","tag-wirtschaftswissenschaftliche-bibliothek"],"_links":{"self":[{"href":"https:\/\/blogs.fu-berlin.de\/bibliotheken\/wp-json\/wp\/v2\/posts\/15650","targetHints":{"allow":["GET"]}}],"collection":[{"href":"https:\/\/blogs.fu-berlin.de\/bibliotheken\/wp-json\/wp\/v2\/posts"}],"about":[{"href":"https:\/\/blogs.fu-berlin.de\/bibliotheken\/wp-json\/wp\/v2\/types\/post"}],"author":[{"embeddable":true,"href":"https:\/\/blogs.fu-berlin.de\/bibliotheken\/wp-json\/wp\/v2\/users\/303"}],"replies":[{"embeddable":true,"href":"https:\/\/blogs.fu-berlin.de\/bibliotheken\/wp-json\/wp\/v2\/comments?post=15650"}],"version-history":[{"count":46,"href":"https:\/\/blogs.fu-berlin.de\/bibliotheken\/wp-json\/wp\/v2\/posts\/15650\/revisions"}],"predecessor-version":[{"id":15720,"href":"https:\/\/blogs.fu-berlin.de\/bibliotheken\/wp-json\/wp\/v2\/posts\/15650\/revisions\/15720"}],"wp:attachment":[{"href":"https:\/\/blogs.fu-berlin.de\/bibliotheken\/wp-json\/wp\/v2\/media?parent=15650"}],"wp:term":[{"taxonomy":"category","embeddable":true,"href":"https:\/\/blogs.fu-berlin.de\/bibliotheken\/wp-json\/wp\/v2\/categories?post=15650"},{"taxonomy":"post_tag","embeddable":true,"href":"https:\/\/blogs.fu-berlin.de\/bibliotheken\/wp-json\/wp\/v2\/tags?post=15650"}],"curies":[{"name":"wp","href":"https:\/\/api.w.org\/{rel}","templated":true}]}}