{"id":15849,"date":"2013-11-25T18:49:48","date_gmt":"2013-11-25T17:49:48","guid":{"rendered":"https:\/\/blogs.fu-berlin.de\/bibliotheken\/?p=15849"},"modified":"2014-01-06T13:50:04","modified_gmt":"2014-01-06T12:50:04","slug":"fu-weiter-betriebsurlaub-weihnachtenneujahr-201314","status":"publish","type":"post","link":"https:\/\/blogs.fu-berlin.de\/bibliotheken\/2013\/11\/25\/fu-weiter-betriebsurlaub-weihnachtenneujahr-201314\/","title":{"rendered":"FU-weiter Betriebsurlaub Weihnachten\/Neujahr 2013\/14"},"content":{"rendered":"<p>Auf Beschluss des Pr\u00e4sidiums wird es auch dieses Jahr an der gesamten Freien Universit\u00e4t Berlin Betriebsurlaub geben. Alle Einrichtungen\/Bibliotheken der Freien Universit\u00e4t Berlin sind in der Zeit vom 21. Dezember 2013 bis zum 5. Januar 2014 geschlossen.<\/p>\n<p>Leihfristen von ausgeliehenen B\u00fcchern und Fernleihen fallen nicht in Schlie\u00dftage.<\/p>\n<p>Bestellungen aus den Magazinen sind vom 21.12.2013 bis zu 3.1.2014 nicht m\u00f6glich. Bestellschluss f\u00fcr Sofortbestellungen ist der 20.12.13 17 Uhr (gilt f\u00fcr Online-Bestellungen aus geschlossenen Magazinen aller FU-Bibliotheken). Fernleihbestellungen sind nicht blockiert.<\/p>\n<p>Versorgen Sie sich also rechtzeitig mit ben\u00f6tigter Literatur. In einigen Pr\u00e4senz-Bibliotheken gibt es eine Sonderausleihe &#8211; bitte erkundigen Sie sich vor Ort. <\/p>\n<p>Wir w\u00fcnschen eine sch\u00f6ne Advents- und Weihnachtszeit!<\/p>\n","protected":false},"excerpt":{"rendered":"<p>Auf Beschluss des Pr\u00e4sidiums wird es auch dieses Jahr an der gesamten Freien Universit\u00e4t Berlin Betriebsurlaub geben. Alle Einrichtungen\/Bibliotheken der Freien Universit\u00e4t Berlin sind in der Zeit vom 21. Dezember 2013 bis zum 5. Januar 2014 geschlossen. Leihfristen von ausgeliehenen B\u00fcchern und Fernleihen fallen nicht in Schlie\u00dftage. Bestellungen aus den Magazinen sind vom 21.12.2013 bis &hellip; <a href=\"https:\/\/blogs.fu-berlin.de\/bibliotheken\/2013\/11\/25\/fu-weiter-betriebsurlaub-weihnachtenneujahr-201314\/\" class=\"more-link\"><span class=\"screen-reader-text\">\u201eFU-weiter Betriebsurlaub Weihnachten\/Neujahr 2013\/14\u201c<\/span> weiterlesen<\/a><\/p>\n","protected":false},"author":265,"featured_media":0,"comment_status":"open","ping_status":"open","sticky":false,"template":"","format":"standard","meta":{"footnotes":""},"categories":[600,601],"tags":[10062,12194],"class_list":["post-15849","post","type-post","status-publish","format-standard","hentry","category-fachbibliotheken","category-universitatsbibliothek","tag-betriebsferien","tag-weihnachtenneujahr-201314"],"_links":{"self":[{"href":"https:\/\/blogs.fu-berlin.de\/bibliotheken\/wp-json\/wp\/v2\/posts\/15849","targetHints":{"allow":["GET"]}}],"collection":[{"href":"https:\/\/blogs.fu-berlin.de\/bibliotheken\/wp-json\/wp\/v2\/posts"}],"about":[{"href":"https:\/\/blogs.fu-berlin.de\/bibliotheken\/wp-json\/wp\/v2\/types\/post"}],"author":[{"embeddable":true,"href":"https:\/\/blogs.fu-berlin.de\/bibliotheken\/wp-json\/wp\/v2\/users\/265"}],"replies":[{"embeddable":true,"href":"https:\/\/blogs.fu-berlin.de\/bibliotheken\/wp-json\/wp\/v2\/comments?post=15849"}],"version-history":[{"count":7,"href":"https:\/\/blogs.fu-berlin.de\/bibliotheken\/wp-json\/wp\/v2\/posts\/15849\/revisions"}],"predecessor-version":[{"id":15857,"href":"https:\/\/blogs.fu-berlin.de\/bibliotheken\/wp-json\/wp\/v2\/posts\/15849\/revisions\/15857"}],"wp:attachment":[{"href":"https:\/\/blogs.fu-berlin.de\/bibliotheken\/wp-json\/wp\/v2\/media?parent=15849"}],"wp:term":[{"taxonomy":"category","embeddable":true,"href":"https:\/\/blogs.fu-berlin.de\/bibliotheken\/wp-json\/wp\/v2\/categories?post=15849"},{"taxonomy":"post_tag","embeddable":true,"href":"https:\/\/blogs.fu-berlin.de\/bibliotheken\/wp-json\/wp\/v2\/tags?post=15849"}],"curies":[{"name":"wp","href":"https:\/\/api.w.org\/{rel}","templated":true}]}}