{"id":15858,"date":"2013-12-03T10:47:30","date_gmt":"2013-12-03T09:47:30","guid":{"rendered":"https:\/\/blogs.fu-berlin.de\/bibliotheken\/?p=15858"},"modified":"2013-12-03T10:47:30","modified_gmt":"2013-12-03T09:47:30","slug":"die-universitatsbibliothek-schliest-am-13-dezember-2013-bereits-um-15-uhr","status":"publish","type":"post","link":"https:\/\/blogs.fu-berlin.de\/bibliotheken\/2013\/12\/03\/die-universitatsbibliothek-schliest-am-13-dezember-2013-bereits-um-15-uhr\/","title":{"rendered":"Die Universit\u00e4tsbibliothek schlie\u00dft am 13. Dezember 2013 bereits um 15 Uhr"},"content":{"rendered":"<p>Wegen einer Personalveranstaltung schlie\u00dft die Universit\u00e4tsbibliothek (UB) am Freitag den 13. Dezember 2013 um 15. Uhr.<\/p>\n<p>Bestellschluss f\u00fcr Sofortbestellungen ist um 14.45 Uhr, die Abholung in der Leihstelle ist bis 15 Uhr m\u00f6glich oder wieder ab Montag den 16.12.13 entsprechend der Bereitstellungsfrist von 5 \u00d6ffnungstagen. <\/p>\n<p>F\u00fcr R\u00fcckgaben von UB-B\u00fcchern und Fernleihen stehen die R\u00fcckgabek\u00e4sten im Haupteingang Garystra\u00dfe 39 zur Verf\u00fcgung. <\/p>\n<p>Wir bitten um Verst\u00e4ndnis<br \/>\nIhre Universit\u00e4tsbibliothek<\/p>\n","protected":false},"excerpt":{"rendered":"<p>Wegen einer Personalveranstaltung schlie\u00dft die Universit\u00e4tsbibliothek (UB) am Freitag den 13. Dezember 2013 um 15. Uhr. Bestellschluss f\u00fcr Sofortbestellungen ist um 14.45 Uhr, die Abholung in der Leihstelle ist bis 15 Uhr m\u00f6glich oder wieder ab Montag den 16.12.13 entsprechend der Bereitstellungsfrist von 5 \u00d6ffnungstagen. F\u00fcr R\u00fcckgaben von UB-B\u00fcchern und Fernleihen stehen die R\u00fcckgabek\u00e4sten im &hellip; <a href=\"https:\/\/blogs.fu-berlin.de\/bibliotheken\/2013\/12\/03\/die-universitatsbibliothek-schliest-am-13-dezember-2013-bereits-um-15-uhr\/\" class=\"more-link\"><span class=\"screen-reader-text\">\u201eDie Universit\u00e4tsbibliothek schlie\u00dft am 13. Dezember 2013 bereits um 15 Uhr\u201c<\/span> weiterlesen<\/a><\/p>\n","protected":false},"author":265,"featured_media":0,"comment_status":"open","ping_status":"open","sticky":false,"template":"","format":"standard","meta":{"footnotes":""},"categories":[601],"tags":[641],"class_list":["post-15858","post","type-post","status-publish","format-standard","hentry","category-universitatsbibliothek","tag-offnungszeiten"],"_links":{"self":[{"href":"https:\/\/blogs.fu-berlin.de\/bibliotheken\/wp-json\/wp\/v2\/posts\/15858","targetHints":{"allow":["GET"]}}],"collection":[{"href":"https:\/\/blogs.fu-berlin.de\/bibliotheken\/wp-json\/wp\/v2\/posts"}],"about":[{"href":"https:\/\/blogs.fu-berlin.de\/bibliotheken\/wp-json\/wp\/v2\/types\/post"}],"author":[{"embeddable":true,"href":"https:\/\/blogs.fu-berlin.de\/bibliotheken\/wp-json\/wp\/v2\/users\/265"}],"replies":[{"embeddable":true,"href":"https:\/\/blogs.fu-berlin.de\/bibliotheken\/wp-json\/wp\/v2\/comments?post=15858"}],"version-history":[{"count":5,"href":"https:\/\/blogs.fu-berlin.de\/bibliotheken\/wp-json\/wp\/v2\/posts\/15858\/revisions"}],"predecessor-version":[{"id":15950,"href":"https:\/\/blogs.fu-berlin.de\/bibliotheken\/wp-json\/wp\/v2\/posts\/15858\/revisions\/15950"}],"wp:attachment":[{"href":"https:\/\/blogs.fu-berlin.de\/bibliotheken\/wp-json\/wp\/v2\/media?parent=15858"}],"wp:term":[{"taxonomy":"category","embeddable":true,"href":"https:\/\/blogs.fu-berlin.de\/bibliotheken\/wp-json\/wp\/v2\/categories?post=15858"},{"taxonomy":"post_tag","embeddable":true,"href":"https:\/\/blogs.fu-berlin.de\/bibliotheken\/wp-json\/wp\/v2\/tags?post=15858"}],"curies":[{"name":"wp","href":"https:\/\/api.w.org\/{rel}","templated":true}]}}