{"id":16243,"date":"2014-01-13T16:57:57","date_gmt":"2014-01-13T15:57:57","guid":{"rendered":"https:\/\/blogs.fu-berlin.de\/bibliotheken\/?p=16243"},"modified":"2014-01-13T17:21:43","modified_gmt":"2014-01-13T16:21:43","slug":"ausstellung-fuer-modeinteressierte-in-der-ub","status":"publish","type":"post","link":"https:\/\/blogs.fu-berlin.de\/bibliotheken\/2014\/01\/13\/ausstellung-fuer-modeinteressierte-in-der-ub\/","title":{"rendered":"Ausstellung f\u00fcr Modeinteressierte in der UB"},"content":{"rendered":"<p>Anl\u00e4sslich der vom 14. bis 19. Januar 2014 stattfindenden &#8222;Berlin Fashion Week&#8220; zeigt die Universit\u00e4tsbibliothek B\u00fccher aus ihrem Bestand zum Thema Mode.<\/p>\n<p>Die <a href=\"https:\/\/www.ub.fu-berlin.de\/service_neu\/ausstellung\/index.html#mode\" target=\"_blank\">Ausstellung<\/a> ist bis Ende M\u00e4rz von Montag bis Freitag von 9-19 Uhr im Informationszentrum zu besichtigen. Danach k\u00f6nnen die B\u00fccher ausgeliehen werden.<\/p>\n","protected":false},"excerpt":{"rendered":"<p>Anl\u00e4sslich der vom 14. bis 19. Januar 2014 stattfindenden &#8222;Berlin Fashion Week&#8220; zeigt die Universit\u00e4tsbibliothek B\u00fccher aus ihrem Bestand zum Thema Mode. Die Ausstellung ist bis Ende M\u00e4rz von Montag bis Freitag von 9-19 Uhr im Informationszentrum zu besichtigen. Danach k\u00f6nnen die B\u00fccher ausgeliehen werden.<\/p>\n","protected":false},"author":265,"featured_media":0,"comment_status":"open","ping_status":"open","sticky":false,"template":"","format":"standard","meta":{"footnotes":""},"categories":[9,601,70],"tags":[18553],"class_list":["post-16243","post","type-post","status-publish","format-standard","hentry","category-allgemein","category-universitatsbibliothek","category-veranstaltungen","tag-ausstellung-mode"],"_links":{"self":[{"href":"https:\/\/blogs.fu-berlin.de\/bibliotheken\/wp-json\/wp\/v2\/posts\/16243","targetHints":{"allow":["GET"]}}],"collection":[{"href":"https:\/\/blogs.fu-berlin.de\/bibliotheken\/wp-json\/wp\/v2\/posts"}],"about":[{"href":"https:\/\/blogs.fu-berlin.de\/bibliotheken\/wp-json\/wp\/v2\/types\/post"}],"author":[{"embeddable":true,"href":"https:\/\/blogs.fu-berlin.de\/bibliotheken\/wp-json\/wp\/v2\/users\/265"}],"replies":[{"embeddable":true,"href":"https:\/\/blogs.fu-berlin.de\/bibliotheken\/wp-json\/wp\/v2\/comments?post=16243"}],"version-history":[{"count":2,"href":"https:\/\/blogs.fu-berlin.de\/bibliotheken\/wp-json\/wp\/v2\/posts\/16243\/revisions"}],"predecessor-version":[{"id":16246,"href":"https:\/\/blogs.fu-berlin.de\/bibliotheken\/wp-json\/wp\/v2\/posts\/16243\/revisions\/16246"}],"wp:attachment":[{"href":"https:\/\/blogs.fu-berlin.de\/bibliotheken\/wp-json\/wp\/v2\/media?parent=16243"}],"wp:term":[{"taxonomy":"category","embeddable":true,"href":"https:\/\/blogs.fu-berlin.de\/bibliotheken\/wp-json\/wp\/v2\/categories?post=16243"},{"taxonomy":"post_tag","embeddable":true,"href":"https:\/\/blogs.fu-berlin.de\/bibliotheken\/wp-json\/wp\/v2\/tags?post=16243"}],"curies":[{"name":"wp","href":"https:\/\/api.w.org\/{rel}","templated":true}]}}