{"id":16288,"date":"2014-01-20T17:40:37","date_gmt":"2014-01-20T16:40:37","guid":{"rendered":"https:\/\/blogs.fu-berlin.de\/bibliotheken\/?p=16288"},"modified":"2017-09-15T17:16:46","modified_gmt":"2017-09-15T16:16:46","slug":"berlin-geschichte-mit-luise","status":"publish","type":"post","link":"https:\/\/blogs.fu-berlin.de\/bibliotheken\/2014\/01\/20\/berlin-geschichte-mit-luise\/","title":{"rendered":"Berlin-Geschichte mit &#8222;Luise&#8220;"},"content":{"rendered":"<p>Ebenfalls neu in der Digitalen Bibliothek vertreten ist das kostenfreie <a href=\"https:\/\/dbis.ur.de\/detail.php?titel_id=5392&amp;bib_id=fub\">Lexikon von A-Z zur Berlingeschichte und Gegenwart<\/a>.<\/p>\n<p>Die Webseite bietet Artikel zur Geschichte und Gegenwart Berlins. Aufgeteilt in die f\u00fcnf Rubriken \u201eBerliner Stadtentwicklung\u201c, \u201eStra\u00dfennamen-Lexikon\u201c, \u201eLexikon der Bezirke\u201c. \u201eBerlin ehrt Pers\u00f6nlichkeiten\u201c (geehrte Pers\u00f6nlichkeiten) und \u201eGedenktafeln in den Bezirken\u201c enth\u00e4lt das Online-Nachschlagewerk \u00fcber 26.500 Stichw\u00f6rter.<\/p>\n<p>Das Material wurde vom Berliner Luisenst\u00e4dischen Bildungsverein e. V. zusammengestellt (in Anlehnung an den Namen wurde das Lexikon auch schlicht &#8222;Luise&#8220; genannt). Aufgrund fehlender F\u00f6rdermittel wurde 2009 die Berliner kaupert media GmbH der neue Betreiber. Die Linklisten k\u00f6nnen zum Teil Rechtschreibfehler enthalten. Die unter <a href=\"https:\/\/www.luise-berlin.de\/\">www.luise-berlin.de<\/a> eingerichtete Volltextsuche deckt den Gro\u00dfteil des Lexikons nicht ab.<\/p>\n","protected":false},"excerpt":{"rendered":"<p>Ebenfalls neu in der Digitalen Bibliothek vertreten ist das kostenfreie Lexikon von A-Z zur Berlingeschichte und Gegenwart. Die Webseite bietet Artikel zur Geschichte und Gegenwart Berlins. Aufgeteilt in die f\u00fcnf Rubriken \u201eBerliner Stadtentwicklung\u201c, \u201eStra\u00dfennamen-Lexikon\u201c, \u201eLexikon der Bezirke\u201c. \u201eBerlin ehrt Pers\u00f6nlichkeiten\u201c (geehrte Pers\u00f6nlichkeiten) und \u201eGedenktafeln in den Bezirken\u201c enth\u00e4lt das Online-Nachschlagewerk \u00fcber 26.500 Stichw\u00f6rter. Das Material &hellip; <a href=\"https:\/\/blogs.fu-berlin.de\/bibliotheken\/2014\/01\/20\/berlin-geschichte-mit-luise\/\" class=\"more-link\"><span class=\"screen-reader-text\">\u201eBerlin-Geschichte mit &#8222;Luise&#8220;\u201c<\/span> weiterlesen<\/a><\/p>\n","protected":false},"author":293,"featured_media":0,"comment_status":"open","ping_status":"open","sticky":false,"template":"","format":"standard","meta":{"footnotes":""},"categories":[457,584805],"tags":[79,471,631,640],"class_list":["post-16288","post","type-post","status-publish","format-standard","hentry","category-digitale-bibliothek","category-was-ist-neu","tag-berlin","tag-geschichte","tag-lexikon","tag-lizenzfrei"],"_links":{"self":[{"href":"https:\/\/blogs.fu-berlin.de\/bibliotheken\/wp-json\/wp\/v2\/posts\/16288","targetHints":{"allow":["GET"]}}],"collection":[{"href":"https:\/\/blogs.fu-berlin.de\/bibliotheken\/wp-json\/wp\/v2\/posts"}],"about":[{"href":"https:\/\/blogs.fu-berlin.de\/bibliotheken\/wp-json\/wp\/v2\/types\/post"}],"author":[{"embeddable":true,"href":"https:\/\/blogs.fu-berlin.de\/bibliotheken\/wp-json\/wp\/v2\/users\/293"}],"replies":[{"embeddable":true,"href":"https:\/\/blogs.fu-berlin.de\/bibliotheken\/wp-json\/wp\/v2\/comments?post=16288"}],"version-history":[{"count":2,"href":"https:\/\/blogs.fu-berlin.de\/bibliotheken\/wp-json\/wp\/v2\/posts\/16288\/revisions"}],"predecessor-version":[{"id":21678,"href":"https:\/\/blogs.fu-berlin.de\/bibliotheken\/wp-json\/wp\/v2\/posts\/16288\/revisions\/21678"}],"wp:attachment":[{"href":"https:\/\/blogs.fu-berlin.de\/bibliotheken\/wp-json\/wp\/v2\/media?parent=16288"}],"wp:term":[{"taxonomy":"category","embeddable":true,"href":"https:\/\/blogs.fu-berlin.de\/bibliotheken\/wp-json\/wp\/v2\/categories?post=16288"},{"taxonomy":"post_tag","embeddable":true,"href":"https:\/\/blogs.fu-berlin.de\/bibliotheken\/wp-json\/wp\/v2\/tags?post=16288"}],"curies":[{"name":"wp","href":"https:\/\/api.w.org\/{rel}","templated":true}]}}