{"id":16333,"date":"2014-01-29T10:25:28","date_gmt":"2014-01-29T09:25:28","guid":{"rendered":"https:\/\/blogs.fu-berlin.de\/bibliotheken\/?p=16333"},"modified":"2014-01-30T12:46:23","modified_gmt":"2014-01-30T11:46:23","slug":"neu-im-buchregal-amerikanismus-a-v-saldern","status":"publish","type":"post","link":"https:\/\/blogs.fu-berlin.de\/bibliotheken\/2014\/01\/29\/neu-im-buchregal-amerikanismus-a-v-saldern\/","title":{"rendered":"Neu im Buchregal: &#8222;Amerikanismus&#8220; (A. v. Saldern)"},"content":{"rendered":"<p><a href=\"https:\/\/primo.kobv.de\/primo_library\/libweb\/action\/dlDisplay.do?docId=FUB_ALEPH004716939&amp;loc=adaptor,primo_central_multiple_fe&amp;vid=FUB\"><img loading=\"lazy\" decoding=\"async\" class=\"alignright size-full wp-image-16334\" alt=\"Screen01 2014-01-29\" src=\"https:\/\/blogs.fu-berlin.de\/bibliotheken\/files\/2014\/01\/Screen01-2014-01-29.jpg\" width=\"186\" height=\"274\" \/><\/a> Dass die heutzutage h\u00e4ufig so selbstbewusst auftretenden und von sich selbst \u00fcberzeugt scheinenden Vereinigten Staaten von Amerika sich vor allem im ersten Drittel des 20. Jahrhunderts noch in einem tiefgreifenden kulturellen Findungs- und Abgrenzungsprozess (vor allem gegen\u00fcber Gro\u00dfbritannien und dem europ\u00e4ischen Kontinent) befanden, ist vielfach nicht bekannt. Dieses Streben nach nationaler (wei\u00dfer!) Identit\u00e4t war verbunden mit einer weitreichenden Amerikanisierungspolitik, die sich gleichsam nach innen und au\u00dfen richtete und u.a. mit folgenschweren Typisierungen, Exklusionen und Rassismus gegen\u00fcber Immigranten und nicht-wei\u00dfen Menschen einherging (vgl. in diesem Kontext auch: <a href=\"https:\/\/de.wikipedia.org\/wiki\/Die_Geburt_einer_Nation\" target=\"_blank\">&#8222;The Birth of a Nation&#8220;<\/a> von D.W. Griffith, 1915). Der zeitgleich in Europa wahrnehmbare Antiamerikanismus bot diesen Entwicklungen zus\u00e4tzliche Nahrung und Entfaltungspotential.<\/p>\n<p>Aus dem Verlagsprospekt: &#8222;Die Studie untersucht die vielf\u00e4ltigen Verbindungslinien im fr\u00fchen 20. Jahrhundert zwischen der Suche nach amerikanischer Identit\u00e4t und dem Wunsch nach einer von Europa unabh\u00e4ngigen, eigenst\u00e4ndigen Kunst und Kultur. Im Mittelpunkt stehen dabei die meinungsbildenden liberalen Zeitschriften dieser Zeit. Deutlich wird das kulturnationalistische Bestreben amerikanischer Publizisten, K\u00fcnstler und Schriftsteller, die USA von europ\u00e4ischen Einflussnahmen und postkolonialen Befindlichkeiten zu befreien.&#8220;<\/p>\n<p>Bibliographische Daten:<br \/>\nSaldern, Adelheid von:<br \/>\nAmerikanismus : kulturelle Abgrenzung von Europa und US-Nationalismus im fr\u00fchen 20. Jahrhundert \/ Adelheid von Saldern. &#8211; Stuttgart : Steiner, 2013. &#8211; 428 S.. &#8211; ISBN: 978-3-515-10470-8. &#8211; ISBN: 3-515-10470-4. &#8211; (Transatlantische Historische Studien ; 49)<\/p>\n<p>Die Autorin, Adelheid von Saldern, ist Professorin f\u00fcr Neuere Geschichte am Historischen Seminar der Leibniz Universit\u00e4t Hannover (seit 2004 i.R.).<\/p>\n<p>Das Buch ist gegenw\u00e4rtig noch in Bearbeitung (Status: &#8222;Nicht verfp\u00fcgbar&#8220;), kann aber zeitnah in der Universit\u00e4tsbibliothek bereitgestellt werden, sofern eine Bestellung\/Vormerkung erfolgt: <a href=\"https:\/\/primo.kobv.de\/primo_library\/libweb\/action\/dlDisplay.do?docId=FUB_ALEPH004716939&amp;loc=adaptor,primo_central_multiple_fe&amp;vid=FUB\" target=\"_blank\">Permalink<\/a> in Primo.<\/p>\n","protected":false},"excerpt":{"rendered":"<p>Dass die heutzutage h\u00e4ufig so selbstbewusst auftretenden und von sich selbst \u00fcberzeugt scheinenden Vereinigten Staaten von Amerika sich vor allem im ersten Drittel des 20. Jahrhunderts noch in einem tiefgreifenden kulturellen Findungs- und Abgrenzungsprozess (vor allem gegen\u00fcber Gro\u00dfbritannien und dem europ\u00e4ischen Kontinent) befanden, ist vielfach nicht bekannt. Dieses Streben nach nationaler (wei\u00dfer!) Identit\u00e4t war verbunden &hellip; <a href=\"https:\/\/blogs.fu-berlin.de\/bibliotheken\/2014\/01\/29\/neu-im-buchregal-amerikanismus-a-v-saldern\/\" class=\"more-link\"><span class=\"screen-reader-text\">\u201eNeu im Buchregal: &#8222;Amerikanismus&#8220; (A. v. Saldern)\u201c<\/span> weiterlesen<\/a><\/p>\n","protected":false},"author":267,"featured_media":0,"comment_status":"open","ping_status":"open","sticky":false,"template":"","format":"standard","meta":{"footnotes":""},"categories":[492],"tags":[18565,18566],"class_list":["post-16333","post","type-post","status-publish","format-standard","hentry","category-literaturtipps","tag-amerikanismus","tag-neuerscheinung"],"_links":{"self":[{"href":"https:\/\/blogs.fu-berlin.de\/bibliotheken\/wp-json\/wp\/v2\/posts\/16333","targetHints":{"allow":["GET"]}}],"collection":[{"href":"https:\/\/blogs.fu-berlin.de\/bibliotheken\/wp-json\/wp\/v2\/posts"}],"about":[{"href":"https:\/\/blogs.fu-berlin.de\/bibliotheken\/wp-json\/wp\/v2\/types\/post"}],"author":[{"embeddable":true,"href":"https:\/\/blogs.fu-berlin.de\/bibliotheken\/wp-json\/wp\/v2\/users\/267"}],"replies":[{"embeddable":true,"href":"https:\/\/blogs.fu-berlin.de\/bibliotheken\/wp-json\/wp\/v2\/comments?post=16333"}],"version-history":[{"count":18,"href":"https:\/\/blogs.fu-berlin.de\/bibliotheken\/wp-json\/wp\/v2\/posts\/16333\/revisions"}],"predecessor-version":[{"id":16367,"href":"https:\/\/blogs.fu-berlin.de\/bibliotheken\/wp-json\/wp\/v2\/posts\/16333\/revisions\/16367"}],"wp:attachment":[{"href":"https:\/\/blogs.fu-berlin.de\/bibliotheken\/wp-json\/wp\/v2\/media?parent=16333"}],"wp:term":[{"taxonomy":"category","embeddable":true,"href":"https:\/\/blogs.fu-berlin.de\/bibliotheken\/wp-json\/wp\/v2\/categories?post=16333"},{"taxonomy":"post_tag","embeddable":true,"href":"https:\/\/blogs.fu-berlin.de\/bibliotheken\/wp-json\/wp\/v2\/tags?post=16333"}],"curies":[{"name":"wp","href":"https:\/\/api.w.org\/{rel}","templated":true}]}}