{"id":16353,"date":"2014-01-29T16:05:49","date_gmt":"2014-01-29T15:05:49","guid":{"rendered":"https:\/\/blogs.fu-berlin.de\/bibliotheken\/?p=16353"},"modified":"2021-09-16T11:26:30","modified_gmt":"2021-09-16T10:26:30","slug":"horizont-2020-das-rahmenprogramm-fuer-forschung-und-innovation","status":"publish","type":"post","link":"https:\/\/blogs.fu-berlin.de\/bibliotheken\/2014\/01\/29\/horizont-2020-das-rahmenprogramm-fuer-forschung-und-innovation\/","title":{"rendered":"Horizont 2020, das Rahmenprogramm f\u00fcr Forschung und Innovation"},"content":{"rendered":"\n<p><em><span class=\"has-inline-color has-bright-red-color\">Der Betrieb des \u201eDokumentationszentrums UN \u2013 EU\u201c wird eingestellt. Die entsprechende Literatur bleibt im Bestand und ist weiterhin zug\u00e4nglich.<\/span><\/em><\/p>\n\n\n<p><a href=\"https:\/\/ec.europa.eu\/programmes\/horizon2020\/\"><img loading=\"lazy\" decoding=\"async\" class=\"alignright size-full wp-image-16355\" src=\"https:\/\/blogs.fu-berlin.de\/bibliotheken\/files\/2014\/01\/horizon2020.jpg\" alt=\"horizon2020\" width=\"235\" height=\"163\" \/><\/a><br \/>Das neue Rahmenprogramm f\u00fcr Forschung und Innovation, <a href=\"https:\/\/ec.europa.eu\/programmes\/horizon2020\/\">Horizont 2020<\/a> schlie\u00dft 2014 an das 7. EU-Forschungsrahmenprogramm (FRP) an. Horizont 2020 wird alle forschungs- und innovationsrelevanten F\u00f6rderprogramme der Europ\u00e4ischen Kommission zusammenf\u00fchren.<br \/>\u00dcber alle EU-finanzierten Forschungsprojekte k\u00f6nnen Sie sich auf den Seiten den Forschungs- &amp; Entwicklungsdienstes der Gemeinschaft <a href=\"https:\/\/cordis.europa.eu\/home_de.html\">CORDIS<\/a> informieren.<br \/>Das neue Portal <a href=\"https:\/\/ec.europa.eu\/euraxess\/\">EURAXESS<\/a> der Europ\u00e4ischen Kommission bietet Forscherinnen und Forschern\u00a0 zahlreiche Informationen<br \/>unter anderem auch Stellenangebote.<\/p>\n<p><a href=\"https:\/\/cordis.europa.eu\/research-eu\/magazine_de.html\"><img loading=\"lazy\" decoding=\"async\" class=\"alignleft size-full wp-image-16354\" src=\"https:\/\/blogs.fu-berlin.de\/bibliotheken\/files\/2014\/01\/research-results-282013.jpg\" alt=\"research-results-282013\" width=\"104\" height=\"148\" \/><\/a><br \/>Die Zeitschrift &#8222;<a href=\"https:\/\/cordis.europa.eu\/research-eu\/magazine_de.html\">research*eu<\/a>&#8220; liegt aktuell im <a href=\"https:\/\/www.ub.fu-berlin.de\/bibliothek\/uneu\/\">Dokumentationszentrum UN-EU<\/a> in der Universit\u00e4tsbibliothek aus.<\/p>\n<p>\u00a0<\/p>\n<p>\u00a0<\/p>\n<p>\u00a0<\/p>\n<p>\u00a0<\/p>\n<p>\u00a0<\/p>\n<p style=\"text-align: left\">Informationen zur Forschungsf\u00f6rderung an der Freien Universit\u00e4t finden Sie auf der Seite<\/p>\n<p style=\"text-align: left\"><a href=\"https:\/\/www.fu-berlin.de\/forschung\/service\/foerderung\/informationen\/\">https:\/\/www.fu-berlin.de\/forschung\/service\/foerderung\/informationen\/<\/a><\/p>","protected":false},"excerpt":{"rendered":"<p>Der Betrieb des \u201eDokumentationszentrums UN \u2013 EU\u201c wird eingestellt. Die entsprechende Literatur bleibt im Bestand und ist weiterhin zug\u00e4nglich. Das neue Rahmenprogramm f\u00fcr Forschung und Innovation, Horizont 2020 schlie\u00dft 2014 an das 7. EU-Forschungsrahmenprogramm (FRP) an. Horizont 2020 wird alle forschungs- und innovationsrelevanten F\u00f6rderprogramme der Europ\u00e4ischen Kommission zusammenf\u00fchren.\u00dcber alle EU-finanzierten Forschungsprojekte k\u00f6nnen Sie sich auf &hellip; <a href=\"https:\/\/blogs.fu-berlin.de\/bibliotheken\/2014\/01\/29\/horizont-2020-das-rahmenprogramm-fuer-forschung-und-innovation\/\" class=\"more-link\"><span class=\"screen-reader-text\">\u201eHorizont 2020, das Rahmenprogramm f\u00fcr Forschung und Innovation\u201c<\/span> weiterlesen<\/a><\/p>\n","protected":false},"author":877,"featured_media":0,"comment_status":"open","ping_status":"open","sticky":false,"template":"","format":"standard","meta":{"footnotes":""},"categories":[604,601],"tags":[18568,2458,18569,18567],"class_list":["post-16353","post","type-post","status-publish","format-standard","hentry","category-ins-netz-geschaut","category-universitatsbibliothek","tag-cordis","tag-dokumentationszentrum-un-eu","tag-euraxess","tag-forschungsrahmenprogramm-eu"],"_links":{"self":[{"href":"https:\/\/blogs.fu-berlin.de\/bibliotheken\/wp-json\/wp\/v2\/posts\/16353","targetHints":{"allow":["GET"]}}],"collection":[{"href":"https:\/\/blogs.fu-berlin.de\/bibliotheken\/wp-json\/wp\/v2\/posts"}],"about":[{"href":"https:\/\/blogs.fu-berlin.de\/bibliotheken\/wp-json\/wp\/v2\/types\/post"}],"author":[{"embeddable":true,"href":"https:\/\/blogs.fu-berlin.de\/bibliotheken\/wp-json\/wp\/v2\/users\/877"}],"replies":[{"embeddable":true,"href":"https:\/\/blogs.fu-berlin.de\/bibliotheken\/wp-json\/wp\/v2\/comments?post=16353"}],"version-history":[{"count":12,"href":"https:\/\/blogs.fu-berlin.de\/bibliotheken\/wp-json\/wp\/v2\/posts\/16353\/revisions"}],"predecessor-version":[{"id":29575,"href":"https:\/\/blogs.fu-berlin.de\/bibliotheken\/wp-json\/wp\/v2\/posts\/16353\/revisions\/29575"}],"wp:attachment":[{"href":"https:\/\/blogs.fu-berlin.de\/bibliotheken\/wp-json\/wp\/v2\/media?parent=16353"}],"wp:term":[{"taxonomy":"category","embeddable":true,"href":"https:\/\/blogs.fu-berlin.de\/bibliotheken\/wp-json\/wp\/v2\/categories?post=16353"},{"taxonomy":"post_tag","embeddable":true,"href":"https:\/\/blogs.fu-berlin.de\/bibliotheken\/wp-json\/wp\/v2\/tags?post=16353"}],"curies":[{"name":"wp","href":"https:\/\/api.w.org\/{rel}","templated":true}]}}