{"id":16379,"date":"2014-02-04T11:38:01","date_gmt":"2014-02-04T10:38:01","guid":{"rendered":"https:\/\/blogs.fu-berlin.de\/bibliotheken\/?p=16379"},"modified":"2014-02-04T11:38:01","modified_gmt":"2014-02-04T10:38:01","slug":"lesung-mit-geschichten-aus-der-zeit-der-studentenbewegung-in-der-ub-am-5-februar-2014","status":"publish","type":"post","link":"https:\/\/blogs.fu-berlin.de\/bibliotheken\/2014\/02\/04\/lesung-mit-geschichten-aus-der-zeit-der-studentenbewegung-in-der-ub-am-5-februar-2014\/","title":{"rendered":"Lesung mit Geschichten aus der Zeit der Studentenbewegung in der UB am 5. Februar 2014"},"content":{"rendered":"<p>Jenny Schon, Manfried Hammer, Manfred Scharrer &#8211; FU-Alumni &#8211; lesen Geschichten aus den Zeiten der Studentenbewegung.<\/p>\n<p>Beppo Pohlmann -Student in den 1970er Jahren und  Mitglied der Gebr\u00fcder Blattschuss- erz\u00e4hlt die Geschichte seines Hits &#8222;Kreuzberger N\u00e4chte sind lang&#8220; &#8211; nat\u00fcrlich mit Gitarrenbegleitung \ud83d\ude09 .<\/p>\n<p>Die Lesung findet am Mittwoch den 5. Februar 2014 um 20 Uhr im Foyer der Universit\u00e4tsbibliothek in der Garystra\u00dfe 39, 14195 Berlin-Dahlem statt. <\/p>\n<p>Gleichzeitig kann die <a href=\"https:\/\/www.ub.fu-berlin.de\/service_neu\/ausstellung\/index.html\">Ausstellung anl\u00e4\u00dflich des 100. Geburtstags von Arno Schmidt<\/a> besichtigt werden.<br \/>\nEine <a href=\"https:\/\/blogs.fu-berlin.de\/bibliotheken\/2014\/01\/21\/ausstellung-arno-schmidt-zum-100-geburtstag\/\">Lesung mit Texten von Arno Schmidt findet heute am 4. Februar 2014<\/a> am gleichen Ort zur gleichen Zeit statt.<\/p>\n<p>Interessierte sind herzlich eingeladen. Der Eintritt ist frei.<\/p>\n","protected":false},"excerpt":{"rendered":"<p>Jenny Schon, Manfried Hammer, Manfred Scharrer &#8211; FU-Alumni &#8211; lesen Geschichten aus den Zeiten der Studentenbewegung. Beppo Pohlmann -Student in den 1970er Jahren und Mitglied der Gebr\u00fcder Blattschuss- erz\u00e4hlt die Geschichte seines Hits &#8222;Kreuzberger N\u00e4chte sind lang&#8220; &#8211; nat\u00fcrlich mit Gitarrenbegleitung \ud83d\ude09 . Die Lesung findet am Mittwoch den 5. Februar 2014 um 20 Uhr &hellip; <a href=\"https:\/\/blogs.fu-berlin.de\/bibliotheken\/2014\/02\/04\/lesung-mit-geschichten-aus-der-zeit-der-studentenbewegung-in-der-ub-am-5-februar-2014\/\" class=\"more-link\"><span class=\"screen-reader-text\">\u201eLesung mit Geschichten aus der Zeit der Studentenbewegung in der UB am 5. Februar 2014\u201c<\/span> weiterlesen<\/a><\/p>\n","protected":false},"author":265,"featured_media":0,"comment_status":"open","ping_status":"open","sticky":false,"template":"","format":"standard","meta":{"footnotes":""},"categories":[601,70],"tags":[18570,832,18571],"class_list":["post-16379","post","type-post","status-publish","format-standard","hentry","category-universitatsbibliothek","category-veranstaltungen","tag-jenny-schon","tag-lesung","tag-manfried-hammer"],"_links":{"self":[{"href":"https:\/\/blogs.fu-berlin.de\/bibliotheken\/wp-json\/wp\/v2\/posts\/16379","targetHints":{"allow":["GET"]}}],"collection":[{"href":"https:\/\/blogs.fu-berlin.de\/bibliotheken\/wp-json\/wp\/v2\/posts"}],"about":[{"href":"https:\/\/blogs.fu-berlin.de\/bibliotheken\/wp-json\/wp\/v2\/types\/post"}],"author":[{"embeddable":true,"href":"https:\/\/blogs.fu-berlin.de\/bibliotheken\/wp-json\/wp\/v2\/users\/265"}],"replies":[{"embeddable":true,"href":"https:\/\/blogs.fu-berlin.de\/bibliotheken\/wp-json\/wp\/v2\/comments?post=16379"}],"version-history":[{"count":4,"href":"https:\/\/blogs.fu-berlin.de\/bibliotheken\/wp-json\/wp\/v2\/posts\/16379\/revisions"}],"predecessor-version":[{"id":16383,"href":"https:\/\/blogs.fu-berlin.de\/bibliotheken\/wp-json\/wp\/v2\/posts\/16379\/revisions\/16383"}],"wp:attachment":[{"href":"https:\/\/blogs.fu-berlin.de\/bibliotheken\/wp-json\/wp\/v2\/media?parent=16379"}],"wp:term":[{"taxonomy":"category","embeddable":true,"href":"https:\/\/blogs.fu-berlin.de\/bibliotheken\/wp-json\/wp\/v2\/categories?post=16379"},{"taxonomy":"post_tag","embeddable":true,"href":"https:\/\/blogs.fu-berlin.de\/bibliotheken\/wp-json\/wp\/v2\/tags?post=16379"}],"curies":[{"name":"wp","href":"https:\/\/api.w.org\/{rel}","templated":true}]}}