{"id":16405,"date":"2014-02-05T10:23:41","date_gmt":"2014-02-05T09:23:41","guid":{"rendered":"https:\/\/blogs.fu-berlin.de\/bibliotheken\/?p=16405"},"modified":"2014-02-18T11:46:04","modified_gmt":"2014-02-18T10:46:04","slug":"wartungsarbeiten-beim-kobv-am-18-februar-2014","status":"publish","type":"post","link":"https:\/\/blogs.fu-berlin.de\/bibliotheken\/2014\/02\/05\/wartungsarbeiten-beim-kobv-am-18-februar-2014\/","title":{"rendered":"Wartungsarbeiten beim KOBV am 18. Februar 2014"},"content":{"rendered":"<p>Wegen dringender Wartungsarbeiten beim <a href=\"https:\/\/www.kobv.de\/\">Kooperativen Bibliotheksverbund Berlin-Brandenburg (KOBV)<\/a> wird es <strong>am Dienstag den 18.02.2014 von voraussichtlich von 7-11 Uhr<\/strong> zu Betriebsunterbrechungen kommen. Im Einzelnen sind betroffen:<\/p>\n<p><img loading=\"lazy\" decoding=\"async\" src=\"https:\/\/www.kobv.de\/fileadmin\/images\/kobv_logo.gif\" alt=\"KOBV-Logo\" width=\"155\" height=\"41\" align=\"right\" \/><\/p>\n<ul>\n<li>Bibliotheksportal Primo<\/li>\n<li>Digitale Bibliothek der FU<\/li>\n<li>SFX-Service<\/li>\n<li>Fernleihe<\/li>\n<\/ul>\n<p>Im genannten Zeitraum sind dar\u00fcber hinaus weitere Dienste des KOBV selbst (Bibliothekenf\u00fchrer, KOBV-Portal u.a.) nicht zug\u00e4nglich.<\/p>\n<p>F\u00fcr das Primo-System soll das Primo-Ausfallsystem mit aktuellem Datenstand bereitstehen: <a href=\"https:\/\/primo.fu-berlin.de\" target=\"_blank\">https:\/\/primo.fu-berlin.de<\/a>. <\/p>\n<p>Der <a href=\"https:\/\/opac.fu-berlin.de\" target=\"_blank\">FU-Katalog<\/a> auf der nativen \u00d6berfl\u00e4che ist nicht betroffen. <\/p>\n<p>Die Datenbanken k\u00f6nnen Sie entweder \u00fcber Primo oder auch <a href=\"https:\/\/www.ub.fu-berlin.de\/digibib_neu\/datenbank\/\" target=\"_blank\">\u00fcber die UB-Homepage<\/a> starten.<\/p>\n","protected":false},"excerpt":{"rendered":"<p>Wegen dringender Wartungsarbeiten beim Kooperativen Bibliotheksverbund Berlin-Brandenburg (KOBV) wird es am Dienstag den 18.02.2014 von voraussichtlich von 7-11 Uhr zu Betriebsunterbrechungen kommen. Im Einzelnen sind betroffen: Bibliotheksportal Primo Digitale Bibliothek der FU SFX-Service Fernleihe Im genannten Zeitraum sind dar\u00fcber hinaus weitere Dienste des KOBV selbst (Bibliothekenf\u00fchrer, KOBV-Portal u.a.) nicht zug\u00e4nglich. F\u00fcr das Primo-System soll das &hellip; <a href=\"https:\/\/blogs.fu-berlin.de\/bibliotheken\/2014\/02\/05\/wartungsarbeiten-beim-kobv-am-18-februar-2014\/\" class=\"more-link\"><span class=\"screen-reader-text\">\u201eWartungsarbeiten beim KOBV am 18. Februar 2014\u201c<\/span> weiterlesen<\/a><\/p>\n","protected":false},"author":265,"featured_media":0,"comment_status":"open","ping_status":"open","sticky":false,"template":"","format":"standard","meta":{"footnotes":""},"categories":[457],"tags":[1778,1968],"class_list":["post-16405","post","type-post","status-publish","format-standard","hentry","category-digitale-bibliothek","tag-kobv","tag-wartung"],"_links":{"self":[{"href":"https:\/\/blogs.fu-berlin.de\/bibliotheken\/wp-json\/wp\/v2\/posts\/16405","targetHints":{"allow":["GET"]}}],"collection":[{"href":"https:\/\/blogs.fu-berlin.de\/bibliotheken\/wp-json\/wp\/v2\/posts"}],"about":[{"href":"https:\/\/blogs.fu-berlin.de\/bibliotheken\/wp-json\/wp\/v2\/types\/post"}],"author":[{"embeddable":true,"href":"https:\/\/blogs.fu-berlin.de\/bibliotheken\/wp-json\/wp\/v2\/users\/265"}],"replies":[{"embeddable":true,"href":"https:\/\/blogs.fu-berlin.de\/bibliotheken\/wp-json\/wp\/v2\/comments?post=16405"}],"version-history":[{"count":3,"href":"https:\/\/blogs.fu-berlin.de\/bibliotheken\/wp-json\/wp\/v2\/posts\/16405\/revisions"}],"predecessor-version":[{"id":16450,"href":"https:\/\/blogs.fu-berlin.de\/bibliotheken\/wp-json\/wp\/v2\/posts\/16405\/revisions\/16450"}],"wp:attachment":[{"href":"https:\/\/blogs.fu-berlin.de\/bibliotheken\/wp-json\/wp\/v2\/media?parent=16405"}],"wp:term":[{"taxonomy":"category","embeddable":true,"href":"https:\/\/blogs.fu-berlin.de\/bibliotheken\/wp-json\/wp\/v2\/categories?post=16405"},{"taxonomy":"post_tag","embeddable":true,"href":"https:\/\/blogs.fu-berlin.de\/bibliotheken\/wp-json\/wp\/v2\/tags?post=16405"}],"curies":[{"name":"wp","href":"https:\/\/api.w.org\/{rel}","templated":true}]}}