{"id":16468,"date":"2014-02-25T17:17:58","date_gmt":"2014-02-25T16:17:58","guid":{"rendered":"https:\/\/blogs.fu-berlin.de\/bibliotheken\/?p=16468"},"modified":"2014-02-25T17:17:58","modified_gmt":"2014-02-25T16:17:58","slug":"leipziger-buchpreis-abstimmung-laeuft","status":"publish","type":"post","link":"https:\/\/blogs.fu-berlin.de\/bibliotheken\/2014\/02\/25\/leipziger-buchpreis-abstimmung-laeuft\/","title":{"rendered":"Leipziger Buchpreis: Abstimmung l\u00e4uft"},"content":{"rendered":"<p>Die Nominierungen f\u00fcr den Preis der Leipziger Buchmesse stehen fest.<\/p>\n<p>Interessierte k\u00f6nnen sich an der <a href=\"https:\/\/www.literaturport.de\/index.php?id=60https:\/\/\" target=\"_blank\">Abstimmung beteiligen &#8211; und zwar f\u00fcr die Bereiche Belletristik, Sachbuch und \u00dcbersetzung<\/a>.<\/p>\n<p>Die <a href=\"https:\/\/www.preis-der-leipziger-buchmesse.de\/de\/stream\/\" target=\"_blank\">Preisverleihung kann am 13.3. per Livestream<\/a> mitverfolgt werden.<\/p>\n<p><img loading=\"lazy\" decoding=\"async\" src=\"https:\/\/www.literaturport.de\/fileadmin\/vorlagen\/images\/plb14votingsmall.jpg\" width=\"382\" height=\"352\" class=\"alignnone\" \/><\/p>\n","protected":false},"excerpt":{"rendered":"<p>Die Nominierungen f\u00fcr den Preis der Leipziger Buchmesse stehen fest. Interessierte k\u00f6nnen sich an der Abstimmung beteiligen &#8211; und zwar f\u00fcr die Bereiche Belletristik, Sachbuch und \u00dcbersetzung. Die Preisverleihung kann am 13.3. per Livestream mitverfolgt werden.<\/p>\n","protected":false},"author":265,"featured_media":0,"comment_status":"open","ping_status":"open","sticky":false,"template":"","format":"standard","meta":{"footnotes":""},"categories":[9,70],"tags":[18586],"class_list":["post-16468","post","type-post","status-publish","format-standard","hentry","category-allgemein","category-veranstaltungen","tag-preis-der-leipziger-buchmesse-2014"],"_links":{"self":[{"href":"https:\/\/blogs.fu-berlin.de\/bibliotheken\/wp-json\/wp\/v2\/posts\/16468","targetHints":{"allow":["GET"]}}],"collection":[{"href":"https:\/\/blogs.fu-berlin.de\/bibliotheken\/wp-json\/wp\/v2\/posts"}],"about":[{"href":"https:\/\/blogs.fu-berlin.de\/bibliotheken\/wp-json\/wp\/v2\/types\/post"}],"author":[{"embeddable":true,"href":"https:\/\/blogs.fu-berlin.de\/bibliotheken\/wp-json\/wp\/v2\/users\/265"}],"replies":[{"embeddable":true,"href":"https:\/\/blogs.fu-berlin.de\/bibliotheken\/wp-json\/wp\/v2\/comments?post=16468"}],"version-history":[{"count":3,"href":"https:\/\/blogs.fu-berlin.de\/bibliotheken\/wp-json\/wp\/v2\/posts\/16468\/revisions"}],"predecessor-version":[{"id":16476,"href":"https:\/\/blogs.fu-berlin.de\/bibliotheken\/wp-json\/wp\/v2\/posts\/16468\/revisions\/16476"}],"wp:attachment":[{"href":"https:\/\/blogs.fu-berlin.de\/bibliotheken\/wp-json\/wp\/v2\/media?parent=16468"}],"wp:term":[{"taxonomy":"category","embeddable":true,"href":"https:\/\/blogs.fu-berlin.de\/bibliotheken\/wp-json\/wp\/v2\/categories?post=16468"},{"taxonomy":"post_tag","embeddable":true,"href":"https:\/\/blogs.fu-berlin.de\/bibliotheken\/wp-json\/wp\/v2\/tags?post=16468"}],"curies":[{"name":"wp","href":"https:\/\/api.w.org\/{rel}","templated":true}]}}