{"id":16480,"date":"2014-02-25T18:39:52","date_gmt":"2014-02-25T17:39:52","guid":{"rendered":"https:\/\/blogs.fu-berlin.de\/bibliotheken\/?p=16480"},"modified":"2014-02-26T09:20:50","modified_gmt":"2014-02-26T08:20:50","slug":"fuenf-jahre-biblioblog","status":"publish","type":"post","link":"https:\/\/blogs.fu-berlin.de\/bibliotheken\/2014\/02\/25\/fuenf-jahre-biblioblog\/","title":{"rendered":"F\u00fcnf Jahre biblioblog"},"content":{"rendered":"<p><a href=\"https:\/\/blogs.fu-berlin.de\/bibliotheken\/files\/2014\/02\/Screen01-2014-02-25.jpg\"><img loading=\"lazy\" decoding=\"async\" src=\"https:\/\/blogs.fu-berlin.de\/bibliotheken\/files\/2014\/02\/Screen01-2014-02-25.jpg\" alt=\"Screen01 2014-02-25\" width=\"306\" height=\"256\" class=\"alignright size-full wp-image-16481\" srcset=\"https:\/\/blogs.fu-berlin.de\/bibliotheken\/files\/2014\/02\/Screen01-2014-02-25.jpg 306w, https:\/\/blogs.fu-berlin.de\/bibliotheken\/files\/2014\/02\/Screen01-2014-02-25-300x250.jpg 300w\" sizes=\"auto, (max-width: 306px) 85vw, 306px\" \/><\/a> Nun haben wir doch schon f\u00fcnf Jahre auf dem Buckel. 2009 startete unser FU-Bibliotheksblog. Das <a href=\"https:\/\/blogs.fu-berlin.de\/bibliotheken\/2009\/02\/25\/zettelkataloge-im-internetzeitalter\/\">\u00e4lteste Posting<\/a> im Archiv datiert genau vom 25. Februar 2009! Zeit f\u00fcr ein kleines Zwischenfazit &#8230;<\/p>\n<p>Unser Redaktionsteam besteht aus 11 Autorinnen und Autoren. Z.Zt. blicken wir zur\u00fcck auf bereits 1.267 ver\u00f6ffentlichte Postings, f\u00fcr die immerhin 2.053 Schlagw\u00f6rter (&#8222;Tags&#8220;) vergeben worden sind. Bislang haben wir 326 Kommentare zu unseren Beitr\u00e4gen erhalten (leider erreicht uns zus\u00e4tzlich immer wieder auch &#8222;Spam&#8220;). Dabei zeigt sich deutlich, dass unsere Nutzerinnen und Nutzer dann am aktivsten sind, wenn Themen sie direkt tangieren (zuletzt etwa die Umstellung beim Kopierservice &#8211; <a href=\"https:\/\/blogs.fu-berlin.de\/bibliotheken\/2013\/11\/25\/neue-firma-fur-kopierservice-in-den-bibliotheken\/\">wir berichteten &#8230;<\/a>).<\/p>\n<p>\u00dcber die Resonanz k\u00f6nnen wir uns unterm Strich wirklich nicht beklagen. Im aktuellen Monat wurde das biblioblog t\u00e4glich zwischen 600 und 700mal von Nutzern angeklickt (wobei Feeds, Trackbacks und Zugriffe von Robots nicht mitgez\u00e4hlt werden). Google listet unsere neuen Postings meistens binnen weniger Minuten in seinen Trefferlisten.<\/p>\n<p>Wir freuen uns auf die n\u00e4chsten Jahre biblioblog, in denen wir weiter flei\u00dfig und engagiert aus und \u00fcber Bibliotheken in der Freien Universit\u00e4t Berlin berichten werden.<\/p>\n","protected":false},"excerpt":{"rendered":"<p>Nun haben wir doch schon f\u00fcnf Jahre auf dem Buckel. 2009 startete unser FU-Bibliotheksblog. Das \u00e4lteste Posting im Archiv datiert genau vom 25. Februar 2009! Zeit f\u00fcr ein kleines Zwischenfazit &#8230; Unser Redaktionsteam besteht aus 11 Autorinnen und Autoren. Z.Zt. blicken wir zur\u00fcck auf bereits 1.267 ver\u00f6ffentlichte Postings, f\u00fcr die immerhin 2.053 Schlagw\u00f6rter (&#8222;Tags&#8220;) vergeben &hellip; <a href=\"https:\/\/blogs.fu-berlin.de\/bibliotheken\/2014\/02\/25\/fuenf-jahre-biblioblog\/\" class=\"more-link\"><span class=\"screen-reader-text\">\u201eF\u00fcnf Jahre biblioblog\u201c<\/span> weiterlesen<\/a><\/p>\n","protected":false},"author":267,"featured_media":0,"comment_status":"open","ping_status":"open","sticky":false,"template":"","format":"standard","meta":{"footnotes":""},"categories":[9],"tags":[1637],"class_list":["post-16480","post","type-post","status-publish","format-standard","hentry","category-allgemein","tag-biblioblog"],"_links":{"self":[{"href":"https:\/\/blogs.fu-berlin.de\/bibliotheken\/wp-json\/wp\/v2\/posts\/16480","targetHints":{"allow":["GET"]}}],"collection":[{"href":"https:\/\/blogs.fu-berlin.de\/bibliotheken\/wp-json\/wp\/v2\/posts"}],"about":[{"href":"https:\/\/blogs.fu-berlin.de\/bibliotheken\/wp-json\/wp\/v2\/types\/post"}],"author":[{"embeddable":true,"href":"https:\/\/blogs.fu-berlin.de\/bibliotheken\/wp-json\/wp\/v2\/users\/267"}],"replies":[{"embeddable":true,"href":"https:\/\/blogs.fu-berlin.de\/bibliotheken\/wp-json\/wp\/v2\/comments?post=16480"}],"version-history":[{"count":7,"href":"https:\/\/blogs.fu-berlin.de\/bibliotheken\/wp-json\/wp\/v2\/posts\/16480\/revisions"}],"predecessor-version":[{"id":16489,"href":"https:\/\/blogs.fu-berlin.de\/bibliotheken\/wp-json\/wp\/v2\/posts\/16480\/revisions\/16489"}],"wp:attachment":[{"href":"https:\/\/blogs.fu-berlin.de\/bibliotheken\/wp-json\/wp\/v2\/media?parent=16480"}],"wp:term":[{"taxonomy":"category","embeddable":true,"href":"https:\/\/blogs.fu-berlin.de\/bibliotheken\/wp-json\/wp\/v2\/categories?post=16480"},{"taxonomy":"post_tag","embeddable":true,"href":"https:\/\/blogs.fu-berlin.de\/bibliotheken\/wp-json\/wp\/v2\/tags?post=16480"}],"curies":[{"name":"wp","href":"https:\/\/api.w.org\/{rel}","templated":true}]}}