{"id":16518,"date":"2014-03-07T17:18:44","date_gmt":"2014-03-07T16:18:44","guid":{"rendered":"https:\/\/blogs.fu-berlin.de\/bibliotheken\/?p=16518"},"modified":"2017-09-15T17:09:55","modified_gmt":"2017-09-15T16:09:55","slug":"in-den-werken-walter-benjamins-stoebern","status":"publish","type":"post","link":"https:\/\/blogs.fu-berlin.de\/bibliotheken\/2014\/03\/07\/in-den-werken-walter-benjamins-stoebern\/","title":{"rendered":"In den Werken Walter Benjamins st\u00f6bern"},"content":{"rendered":"<p><a href=\"https:\/\/vs13.kobv.de\/V?portal=FUBERLIN&amp;institute=FUBERLIN&amp;func=find-db-1-title&amp;mode=titles&amp;azlist=N&amp;scan_utf=&amp;scan_start=benjamin+kontext&amp;search_type=contains&amp;restricted=all\"><img loading=\"lazy\" decoding=\"async\" class=\"alignright size-full wp-image-16519\" src=\"https:\/\/blogs.fu-berlin.de\/bibliotheken\/files\/2014\/03\/Benjamin-im-Kontext.jpg\" alt=\"Benjamin im Kontext\" width=\"150\" height=\"208\" \/><\/a>\u00dcber die Digitale Bibliothek k\u00f6nnen FU-Angeh\u00f6rige nun kostenfrei auf die Datenbank <a href=\"https:\/\/dbis.ur.de\/detail.php?titel_id=100068&amp;bib_id=fub\">Benjamin im Kontext<\/a> zugreifen.<\/p>\n<p>Dabei handelt es sich um die Volltextausgabe der Werke und nachgelassenen Schriften Walter Benjamins (1882-1940) auf der Grundlage der von 1972 bis 1987 erschienenen &#8222;Gesammelten Schriften&#8220; (B\u00e4nde I-VI), hrsg. v. Rolf Tiedemann und Hermann Schweppenh\u00e4user, sowie einigen Einzelver\u00f6ffentlichungen (u.a. zur Berliner Kindheit und Rundfunkbeitr\u00e4ge).<br \/>\nDie Ausgabe umfasst unter Einschluss von Vorarbeiten und fragmentarisch \u00fcberlieferten Texten mehr als 1.000 Werkst\u00fccke. Die zus\u00e4tzlich aufgenommenen 723 Briefe bzw. Briefausz\u00fcge wurden nach den bis in die 1980-Jahre verf\u00fcgbaren Erstpublikationen und Briefausgaben zusammengestellt und kollationiert.<\/p>\n<p>Die CD-ROM-Datenbank l\u00e4sst max. zwei gleichzeitig mit <em>Benjamin im Kontext<\/em> arbeitende Benutzer zu.<\/p>\n<h6>Bild: Walter Benjamin im Jahr 1928 (<a href=\"https:\/\/commons.wikimedia.org\/wiki\/File:Walter_Benjamin_vers_1928.jpg?uselang=de\">Wikimedia Commons, gemeinfrei<\/a>)<\/h6>\n<h6>Die Beschreibung ist weitgehend dem Text des Fachh\u00e4ndlers <a href=\"https:\/\/vs13.kobv.de\/V?portal=FUBERLIN&amp;institute=FUBERLIN&amp;func=find-db-1-title&amp;mode=titles&amp;azlist=N&amp;scan_utf=&amp;scan_start=digento&amp;search_type=contains&amp;restricted=all\">Digento<\/a> entnommen.<\/h6>\n<p>&nbsp;<\/p>\n","protected":false},"excerpt":{"rendered":"<p>\u00dcber die Digitale Bibliothek k\u00f6nnen FU-Angeh\u00f6rige nun kostenfrei auf die Datenbank Benjamin im Kontext zugreifen. Dabei handelt es sich um die Volltextausgabe der Werke und nachgelassenen Schriften Walter Benjamins (1882-1940) auf der Grundlage der von 1972 bis 1987 erschienenen &#8222;Gesammelten Schriften&#8220; (B\u00e4nde I-VI), hrsg. v. Rolf Tiedemann und Hermann Schweppenh\u00e4user, sowie einigen Einzelver\u00f6ffentlichungen (u.a. zur &hellip; <a href=\"https:\/\/blogs.fu-berlin.de\/bibliotheken\/2014\/03\/07\/in-den-werken-walter-benjamins-stoebern\/\" class=\"more-link\"><span class=\"screen-reader-text\">\u201eIn den Werken Walter Benjamins st\u00f6bern\u201c<\/span> weiterlesen<\/a><\/p>\n","protected":false},"author":293,"featured_media":0,"comment_status":"open","ping_status":"open","sticky":false,"template":"","format":"standard","meta":{"footnotes":""},"categories":[457,584805],"tags":[1988,1616,258],"class_list":["post-16518","post","type-post","status-publish","format-standard","hentry","category-digitale-bibliothek","category-was-ist-neu","tag-cd-rom-datenbank","tag-deutsche-literatur","tag-philosophie"],"_links":{"self":[{"href":"https:\/\/blogs.fu-berlin.de\/bibliotheken\/wp-json\/wp\/v2\/posts\/16518","targetHints":{"allow":["GET"]}}],"collection":[{"href":"https:\/\/blogs.fu-berlin.de\/bibliotheken\/wp-json\/wp\/v2\/posts"}],"about":[{"href":"https:\/\/blogs.fu-berlin.de\/bibliotheken\/wp-json\/wp\/v2\/types\/post"}],"author":[{"embeddable":true,"href":"https:\/\/blogs.fu-berlin.de\/bibliotheken\/wp-json\/wp\/v2\/users\/293"}],"replies":[{"embeddable":true,"href":"https:\/\/blogs.fu-berlin.de\/bibliotheken\/wp-json\/wp\/v2\/comments?post=16518"}],"version-history":[{"count":3,"href":"https:\/\/blogs.fu-berlin.de\/bibliotheken\/wp-json\/wp\/v2\/posts\/16518\/revisions"}],"predecessor-version":[{"id":21666,"href":"https:\/\/blogs.fu-berlin.de\/bibliotheken\/wp-json\/wp\/v2\/posts\/16518\/revisions\/21666"}],"wp:attachment":[{"href":"https:\/\/blogs.fu-berlin.de\/bibliotheken\/wp-json\/wp\/v2\/media?parent=16518"}],"wp:term":[{"taxonomy":"category","embeddable":true,"href":"https:\/\/blogs.fu-berlin.de\/bibliotheken\/wp-json\/wp\/v2\/categories?post=16518"},{"taxonomy":"post_tag","embeddable":true,"href":"https:\/\/blogs.fu-berlin.de\/bibliotheken\/wp-json\/wp\/v2\/tags?post=16518"}],"curies":[{"name":"wp","href":"https:\/\/api.w.org\/{rel}","templated":true}]}}