{"id":16531,"date":"2014-03-21T10:39:37","date_gmt":"2014-03-21T09:39:37","guid":{"rendered":"https:\/\/blogs.fu-berlin.de\/bibliotheken\/?p=16531"},"modified":"2014-03-21T10:41:47","modified_gmt":"2014-03-21T09:41:47","slug":"bibliothek-rechtswissenschaft-am-15-und-22-03-2014-von-12-00-21-00-uhr-geoeffnet","status":"publish","type":"post","link":"https:\/\/blogs.fu-berlin.de\/bibliotheken\/2014\/03\/21\/bibliothek-rechtswissenschaft-am-15-und-22-03-2014-von-12-00-21-00-uhr-geoeffnet\/","title":{"rendered":"Bibliothek Rechtswissenschaft am 22.03.2014 von 12.00 &#8211; 21.00 Uhr ge\u00f6ffnet"},"content":{"rendered":"<p style=\"text-align: left\">Bitte beachten Sie die ver\u00e4nderten \u00d6ffnungszeiten der Bibliothek Rechtswissenschaft am<\/p>\n<p><strong><\/strong><strong>Samstag, 22. M\u00e4rz 2014, 12.00 &#8211; 21.00 Uhr<\/strong>,<\/p>\n<p>wegen einer vollst\u00e4ndigen Abschaltung der Stromversorgung in den Geb\u00e4uden Van&#8217;t-Hoff-Str. 8 und Boltzmannstr. 3 aufgrund der Modernisierung der Stromversorgungsanlagen. Beide Geb\u00e4ude sind von 8.00 &#8211; 12.00 Uhr geschlossen.<\/p>\n<p>Bitte lesen Sie die Informationen zu den regul\u00e4ren \u00d6ffnungszeiten [<a title=\"\u00d6ffnungzeiten und Schlie\u00dfzeiten der Bibliothek Rechtswissenschaft\" href=\"https:\/\/www.jura.fu-berlin.de\/bibliothek\/Allgemeine_Informationen\/Oeffnungszeiten\/index.html\" target=\"_blank\">hier<\/a>].<\/p>\n<p>&nbsp;<\/p>\n","protected":false},"excerpt":{"rendered":"<p>Bitte beachten Sie die ver\u00e4nderten \u00d6ffnungszeiten der Bibliothek Rechtswissenschaft am Samstag, 22. M\u00e4rz 2014, 12.00 &#8211; 21.00 Uhr, wegen einer vollst\u00e4ndigen Abschaltung der Stromversorgung in den Geb\u00e4uden Van&#8217;t-Hoff-Str. 8 und Boltzmannstr. 3 aufgrund der Modernisierung der Stromversorgungsanlagen. Beide Geb\u00e4ude sind von 8.00 &#8211; 12.00 Uhr geschlossen. Bitte lesen Sie die Informationen zu den regul\u00e4ren \u00d6ffnungszeiten &hellip; <a href=\"https:\/\/blogs.fu-berlin.de\/bibliotheken\/2014\/03\/21\/bibliothek-rechtswissenschaft-am-15-und-22-03-2014-von-12-00-21-00-uhr-geoeffnet\/\" class=\"more-link\"><span class=\"screen-reader-text\">\u201eBibliothek Rechtswissenschaft am 22.03.2014 von 12.00 &#8211; 21.00 Uhr ge\u00f6ffnet\u201c<\/span> weiterlesen<\/a><\/p>\n","protected":false},"author":79,"featured_media":0,"comment_status":"open","ping_status":"open","sticky":false,"template":"","format":"standard","meta":{"footnotes":""},"categories":[600],"tags":[12161,641],"class_list":["post-16531","post","type-post","status-publish","format-standard","hentry","category-fachbibliotheken","tag-bibliothek-rechtswissenschaft","tag-offnungszeiten"],"_links":{"self":[{"href":"https:\/\/blogs.fu-berlin.de\/bibliotheken\/wp-json\/wp\/v2\/posts\/16531","targetHints":{"allow":["GET"]}}],"collection":[{"href":"https:\/\/blogs.fu-berlin.de\/bibliotheken\/wp-json\/wp\/v2\/posts"}],"about":[{"href":"https:\/\/blogs.fu-berlin.de\/bibliotheken\/wp-json\/wp\/v2\/types\/post"}],"author":[{"embeddable":true,"href":"https:\/\/blogs.fu-berlin.de\/bibliotheken\/wp-json\/wp\/v2\/users\/79"}],"replies":[{"embeddable":true,"href":"https:\/\/blogs.fu-berlin.de\/bibliotheken\/wp-json\/wp\/v2\/comments?post=16531"}],"version-history":[{"count":5,"href":"https:\/\/blogs.fu-berlin.de\/bibliotheken\/wp-json\/wp\/v2\/posts\/16531\/revisions"}],"predecessor-version":[{"id":16566,"href":"https:\/\/blogs.fu-berlin.de\/bibliotheken\/wp-json\/wp\/v2\/posts\/16531\/revisions\/16566"}],"wp:attachment":[{"href":"https:\/\/blogs.fu-berlin.de\/bibliotheken\/wp-json\/wp\/v2\/media?parent=16531"}],"wp:term":[{"taxonomy":"category","embeddable":true,"href":"https:\/\/blogs.fu-berlin.de\/bibliotheken\/wp-json\/wp\/v2\/categories?post=16531"},{"taxonomy":"post_tag","embeddable":true,"href":"https:\/\/blogs.fu-berlin.de\/bibliotheken\/wp-json\/wp\/v2\/tags?post=16531"}],"curies":[{"name":"wp","href":"https:\/\/api.w.org\/{rel}","templated":true}]}}