{"id":16553,"date":"2014-03-20T17:53:05","date_gmt":"2014-03-20T16:53:05","guid":{"rendered":"https:\/\/blogs.fu-berlin.de\/bibliotheken\/?p=16553"},"modified":"2021-09-17T13:27:31","modified_gmt":"2021-09-17T12:27:31","slug":"i-love-eu-taz-lab-2014","status":"publish","type":"post","link":"https:\/\/blogs.fu-berlin.de\/bibliotheken\/2014\/03\/20\/i-love-eu-taz-lab-2014\/","title":{"rendered":"I love EU &#8211; taz.lab 2014"},"content":{"rendered":"\n<p><em><span class=\"has-inline-color has-bright-red-color\">Der Betrieb des \u201eDokumentationszentrums UN \u2013 EU\u201c wird eingestellt. Die entsprechende Literatur bleibt im Bestand und ist weiterhin zug\u00e4nglich.<\/span><\/em><\/p>\n\n\n<p><a href=\"https:\/\/blogs.fu-berlin.de\/bibliotheken\/files\/2014\/03\/taz.lab_1.jpg\"><img loading=\"lazy\" decoding=\"async\" class=\"alignright size-medium wp-image-16562\" alt=\"taz.lab\" src=\"https:\/\/blogs.fu-berlin.de\/bibliotheken\/files\/2014\/03\/taz.lab_1-300x195.jpg\" width=\"300\" height=\"195\" srcset=\"https:\/\/blogs.fu-berlin.de\/bibliotheken\/files\/2014\/03\/taz.lab_1-300x195.jpg 300w, https:\/\/blogs.fu-berlin.de\/bibliotheken\/files\/2014\/03\/taz.lab_1.jpg 311w\" sizes=\"auto, (max-width: 300px) 85vw, 300px\" \/><\/a>Unter dem Slogan <a href=\"https:\/\/www.taz.de\/!p4805\/\">&#8222;I love EU &#8211; Solidarit\u00e4t ist m\u00f6glich&#8220;<\/a> veranstaltet die Taz am 12.4.2014 im Haus der Kulturen der Welt in Berlin eine ganzt\u00e4gige Veranstaltung zum Thema Europ\u00e4ische Union. Das umfangreiche <a href=\"https:\/\/taz.de\/programm\/2014\/europa\/de\/schedule\/all.html\">Programm<\/a> bietet Beitr\u00e4ge zu aktuellen Fragen der Europapolitik. Anlass ist u. a. die <a href=\"https:\/\/www.elections2014.eu\/de\">Europawahl<\/a> im Mai dieses Jahres.<\/p>","protected":false},"excerpt":{"rendered":"<p>Der Betrieb des \u201eDokumentationszentrums UN \u2013 EU\u201c wird eingestellt. Die entsprechende Literatur bleibt im Bestand und ist weiterhin zug\u00e4nglich. Unter dem Slogan &#8222;I love EU &#8211; Solidarit\u00e4t ist m\u00f6glich&#8220; veranstaltet die Taz am 12.4.2014 im Haus der Kulturen der Welt in Berlin eine ganzt\u00e4gige Veranstaltung zum Thema Europ\u00e4ische Union. Das umfangreiche Programm bietet Beitr\u00e4ge zu &hellip; <a href=\"https:\/\/blogs.fu-berlin.de\/bibliotheken\/2014\/03\/20\/i-love-eu-taz-lab-2014\/\" class=\"more-link\"><span class=\"screen-reader-text\">\u201eI love EU &#8211; taz.lab 2014\u201c<\/span> weiterlesen<\/a><\/p>\n","protected":false},"author":877,"featured_media":0,"comment_status":"open","ping_status":"open","sticky":false,"template":"","format":"standard","meta":{"footnotes":""},"categories":[70],"tags":[2458,18600,18602,18601],"class_list":["post-16553","post","type-post","status-publish","format-standard","hentry","category-veranstaltungen","tag-dokumentationszentrum-un-eu","tag-eu-politik","tag-europawahl-2014","tag-taz-lab"],"_links":{"self":[{"href":"https:\/\/blogs.fu-berlin.de\/bibliotheken\/wp-json\/wp\/v2\/posts\/16553","targetHints":{"allow":["GET"]}}],"collection":[{"href":"https:\/\/blogs.fu-berlin.de\/bibliotheken\/wp-json\/wp\/v2\/posts"}],"about":[{"href":"https:\/\/blogs.fu-berlin.de\/bibliotheken\/wp-json\/wp\/v2\/types\/post"}],"author":[{"embeddable":true,"href":"https:\/\/blogs.fu-berlin.de\/bibliotheken\/wp-json\/wp\/v2\/users\/877"}],"replies":[{"embeddable":true,"href":"https:\/\/blogs.fu-berlin.de\/bibliotheken\/wp-json\/wp\/v2\/comments?post=16553"}],"version-history":[{"count":9,"href":"https:\/\/blogs.fu-berlin.de\/bibliotheken\/wp-json\/wp\/v2\/posts\/16553\/revisions"}],"predecessor-version":[{"id":29781,"href":"https:\/\/blogs.fu-berlin.de\/bibliotheken\/wp-json\/wp\/v2\/posts\/16553\/revisions\/29781"}],"wp:attachment":[{"href":"https:\/\/blogs.fu-berlin.de\/bibliotheken\/wp-json\/wp\/v2\/media?parent=16553"}],"wp:term":[{"taxonomy":"category","embeddable":true,"href":"https:\/\/blogs.fu-berlin.de\/bibliotheken\/wp-json\/wp\/v2\/categories?post=16553"},{"taxonomy":"post_tag","embeddable":true,"href":"https:\/\/blogs.fu-berlin.de\/bibliotheken\/wp-json\/wp\/v2\/tags?post=16553"}],"curies":[{"name":"wp","href":"https:\/\/api.w.org\/{rel}","templated":true}]}}