{"id":16602,"date":"2014-04-01T09:25:41","date_gmt":"2014-04-01T08:25:41","guid":{"rendered":"https:\/\/blogs.fu-berlin.de\/bibliotheken\/?p=16602"},"modified":"2014-04-11T08:39:11","modified_gmt":"2014-04-11T07:39:11","slug":"einfuehrungskurse-in-der-philologischen-bibliothek","status":"publish","type":"post","link":"https:\/\/blogs.fu-berlin.de\/bibliotheken\/2014\/04\/01\/einfuehrungskurse-in-der-philologischen-bibliothek\/","title":{"rendered":"Einf\u00fchrungskurse in der Philologischen Bibliothek"},"content":{"rendered":"<p>Zum Semesterstart bieten wir wieder Einf\u00fchrungskurse f\u00fcr die <a href=\"https:\/\/www.fu-berlin.de\/sites\/philbib\/\">Philologische Bibliothek<\/a> und f\u00fcr die Recherche an.<\/p>\n<p>Folgende Termine haben wir im Angebot:<\/p>\n<ul>\n<li>07.04.2014\u00a0\u00a0\u00a0\u00a0\u00a0\u00a0\u00a0\u00a0\u00a0\u00a0\u00a0\u00a0\u00a0\u00a0\u00a0\u00a0\u00a0\u00a0\u00a0\u00a0\u00a0\u00a0 9:15 \u2013 10:45 Uhr<\/li>\n<li>08.04.2014\u00a0\u00a0\u00a0\u00a0\u00a0\u00a0\u00a0\u00a0\u00a0\u00a0\u00a0\u00a0\u00a0\u00a0\u00a0\u00a0\u00a0\u00a0\u00a0\u00a0\u00a0\u00a0\u00a013:15 \u2013 14:45 Uhr<\/li>\n<li>09.04.2014\u00a0\u00a0\u00a0\u00a0\u00a0\u00a0\u00a0\u00a0\u00a0\u00a0\u00a0\u00a0\u00a0\u00a0\u00a0\u00a0\u00a0\u00a0\u00a0\u00a0\u00a0\u00a0\u00a014:15 &#8211; 15:45 Uhr<\/li>\n<li>10.04.2014\u00a0\u00a0\u00a0\u00a0\u00a0\u00a0\u00a0\u00a0\u00a0\u00a0\u00a0\u00a0\u00a0\u00a0\u00a0\u00a0\u00a0\u00a0\u00a0\u00a0\u00a0\u00a0\u00a013:15 \u2013 14:45 Uhr<\/li>\n<li>11.04.2014\u00a0\u00a0\u00a0\u00a0\u00a0\u00a0\u00a0\u00a0\u00a0\u00a0\u00a0\u00a0\u00a0\u00a0\u00a0\u00a0\u00a0\u00a0\u00a0\u00a0\u00a0\u00a0\u00a010:15 \u2013 11:45 Uhr<\/li>\n<li>14.04.2014\u00a0\u00a0\u00a0\u00a0\u00a0\u00a0\u00a0\u00a0\u00a0\u00a0\u00a0\u00a0\u00a0\u00a0\u00a0\u00a0\u00a0\u00a0\u00a0\u00a0\u00a0\u00a0\u00a013:15 \u2013 14:45 Uhr<\/li>\n<li>15.04.2014\u00a0\u00a0\u00a0\u00a0\u00a0\u00a0\u00a0\u00a0\u00a0\u00a0\u00a0\u00a0\u00a0\u00a0\u00a0\u00a0\u00a0\u00a0\u00a0\u00a0\u00a0\u00a0\u00a010:15 \u2013 11:45 Uhr<\/li>\n<li>16.04.2014\u00a0\u00a0\u00a0\u00a0\u00a0\u00a0\u00a0\u00a0\u00a0\u00a0\u00a0\u00a0\u00a0\u00a0\u00a0\u00a0\u00a0\u00a0\u00a0\u00a0\u00a0\u00a0\u00a016:15 \u2013 17:45 Uhr<\/li>\n<li>17.04.2014\u00a0\u00a0\u00a0\u00a0\u00a0\u00a0\u00a0\u00a0\u00a0\u00a0\u00a0\u00a0\u00a0\u00a0\u00a0\u00a0\u00a0\u00a0\u00a0\u00a0\u00a0\u00a0\u00a0 9:15 \u2013 10:45 Uhr<\/li>\n<\/ul>\n<p>Wer teilnehmen m\u00f6chte, kann sich unter:\u00a0<a title=\"mailto:informationskompetenz@philbib.fu-berlin.de\" href=\"mailto:informationskompetenz@philbib.fu-berlin.de\" target=\"_blank\">informationskompetenz@philbib.fu-berlin.de<\/a> anmelden.<br \/>\nBen\u00f6tigt wird ein eigenes Notebook und ein funktionierender Zedat-Account.<\/p>\n<p>&nbsp;<\/p>\n","protected":false},"excerpt":{"rendered":"<p>Zum Semesterstart bieten wir wieder Einf\u00fchrungskurse f\u00fcr die Philologische Bibliothek und f\u00fcr die Recherche an. Folgende Termine haben wir im Angebot: 07.04.2014\u00a0\u00a0\u00a0\u00a0\u00a0\u00a0\u00a0\u00a0\u00a0\u00a0\u00a0\u00a0\u00a0\u00a0\u00a0\u00a0\u00a0\u00a0\u00a0\u00a0\u00a0\u00a0 9:15 \u2013 10:45 Uhr 08.04.2014\u00a0\u00a0\u00a0\u00a0\u00a0\u00a0\u00a0\u00a0\u00a0\u00a0\u00a0\u00a0\u00a0\u00a0\u00a0\u00a0\u00a0\u00a0\u00a0\u00a0\u00a0\u00a0\u00a013:15 \u2013 14:45 Uhr 09.04.2014\u00a0\u00a0\u00a0\u00a0\u00a0\u00a0\u00a0\u00a0\u00a0\u00a0\u00a0\u00a0\u00a0\u00a0\u00a0\u00a0\u00a0\u00a0\u00a0\u00a0\u00a0\u00a0\u00a014:15 &#8211; 15:45 Uhr 10.04.2014\u00a0\u00a0\u00a0\u00a0\u00a0\u00a0\u00a0\u00a0\u00a0\u00a0\u00a0\u00a0\u00a0\u00a0\u00a0\u00a0\u00a0\u00a0\u00a0\u00a0\u00a0\u00a0\u00a013:15 \u2013 14:45 Uhr 11.04.2014\u00a0\u00a0\u00a0\u00a0\u00a0\u00a0\u00a0\u00a0\u00a0\u00a0\u00a0\u00a0\u00a0\u00a0\u00a0\u00a0\u00a0\u00a0\u00a0\u00a0\u00a0\u00a0\u00a010:15 \u2013 11:45 Uhr 14.04.2014\u00a0\u00a0\u00a0\u00a0\u00a0\u00a0\u00a0\u00a0\u00a0\u00a0\u00a0\u00a0\u00a0\u00a0\u00a0\u00a0\u00a0\u00a0\u00a0\u00a0\u00a0\u00a0\u00a013:15 \u2013 14:45 Uhr 15.04.2014\u00a0\u00a0\u00a0\u00a0\u00a0\u00a0\u00a0\u00a0\u00a0\u00a0\u00a0\u00a0\u00a0\u00a0\u00a0\u00a0\u00a0\u00a0\u00a0\u00a0\u00a0\u00a0\u00a010:15 \u2013 11:45 Uhr 16.04.2014\u00a0\u00a0\u00a0\u00a0\u00a0\u00a0\u00a0\u00a0\u00a0\u00a0\u00a0\u00a0\u00a0\u00a0\u00a0\u00a0\u00a0\u00a0\u00a0\u00a0\u00a0\u00a0\u00a016:15 \u2013 17:45 Uhr 17.04.2014\u00a0\u00a0\u00a0\u00a0\u00a0\u00a0\u00a0\u00a0\u00a0\u00a0\u00a0\u00a0\u00a0\u00a0\u00a0\u00a0\u00a0\u00a0\u00a0\u00a0\u00a0\u00a0\u00a0 &hellip; <a href=\"https:\/\/blogs.fu-berlin.de\/bibliotheken\/2014\/04\/01\/einfuehrungskurse-in-der-philologischen-bibliothek\/\" class=\"more-link\"><span class=\"screen-reader-text\">\u201eEinf\u00fchrungskurse in der Philologischen Bibliothek\u201c<\/span> weiterlesen<\/a><\/p>\n","protected":false},"author":388,"featured_media":0,"comment_status":"open","ping_status":"open","sticky":false,"template":"","format":"standard","meta":{"footnotes":""},"categories":[600,491,493],"tags":[790,515,1053],"class_list":["post-16602","post","type-post","status-publish","format-standard","hentry","category-fachbibliotheken","category-lernangebote-kurse","category-recherchetipps","tag-benutzerschulung","tag-philologische-bibliothek","tag-recherche"],"_links":{"self":[{"href":"https:\/\/blogs.fu-berlin.de\/bibliotheken\/wp-json\/wp\/v2\/posts\/16602","targetHints":{"allow":["GET"]}}],"collection":[{"href":"https:\/\/blogs.fu-berlin.de\/bibliotheken\/wp-json\/wp\/v2\/posts"}],"about":[{"href":"https:\/\/blogs.fu-berlin.de\/bibliotheken\/wp-json\/wp\/v2\/types\/post"}],"author":[{"embeddable":true,"href":"https:\/\/blogs.fu-berlin.de\/bibliotheken\/wp-json\/wp\/v2\/users\/388"}],"replies":[{"embeddable":true,"href":"https:\/\/blogs.fu-berlin.de\/bibliotheken\/wp-json\/wp\/v2\/comments?post=16602"}],"version-history":[{"count":6,"href":"https:\/\/blogs.fu-berlin.de\/bibliotheken\/wp-json\/wp\/v2\/posts\/16602\/revisions"}],"predecessor-version":[{"id":16644,"href":"https:\/\/blogs.fu-berlin.de\/bibliotheken\/wp-json\/wp\/v2\/posts\/16602\/revisions\/16644"}],"wp:attachment":[{"href":"https:\/\/blogs.fu-berlin.de\/bibliotheken\/wp-json\/wp\/v2\/media?parent=16602"}],"wp:term":[{"taxonomy":"category","embeddable":true,"href":"https:\/\/blogs.fu-berlin.de\/bibliotheken\/wp-json\/wp\/v2\/categories?post=16602"},{"taxonomy":"post_tag","embeddable":true,"href":"https:\/\/blogs.fu-berlin.de\/bibliotheken\/wp-json\/wp\/v2\/tags?post=16602"}],"curies":[{"name":"wp","href":"https:\/\/api.w.org\/{rel}","templated":true}]}}