{"id":1662,"date":"2009-06-19T11:45:32","date_gmt":"2009-06-19T10:45:32","guid":{"rendered":"https:\/\/blogs.fu-berlin.de\/bibliotheken\/?p=1662"},"modified":"2009-06-19T12:48:16","modified_gmt":"2009-06-19T11:48:16","slug":"ihne-21-und-gary-55-ende-des-bildungsstreiks","status":"publish","type":"post","link":"https:\/\/blogs.fu-berlin.de\/bibliotheken\/2009\/06\/19\/ihne-21-und-gary-55-ende-des-bildungsstreiks\/","title":{"rendered":"Ihne 21 und Gary 55 &#8211; Ende des Bildungsstreiks"},"content":{"rendered":"<p>Der Bildungsstreik, der den Zugang zur Sozialwissenschaftlichen Bibliothek &amp; Bibliothek des Osteuropa-Instituts auf die Gruppe der ExamenskandidatInnen einschr\u00e4nkte  (s. <a href=\"https:\/\/blogs.fu-berlin.de\/bibliotheken\/2009\/06\/16\/ihne-21-und-gary-55-bestreikt-nur-diplomandinnen-haben-zugang\/\">Posting vom 16. Juni<\/a>), endet heute abend.<\/p>\n<p>Ab Montag, 22.6., ist die Bibliothek zu den \u00fcblichen <a href=\"https:\/\/www.polsoz.fu-berlin.de\/bibliothek\/index.html\">\u00d6ffnungszeiten<\/a> wieder f\u00fcr alle zug\u00e4nglich.<\/p>\n<p>Wir sind erleichtert, dass die f\u00fcr uns ungewohnte Situation damit beendet ist, und wir unserem Auftrag in vollem Umfang wieder nachkommen k\u00f6nnen.<\/p>\n<h6>Danke f\u00fcr dieses Posting an Gabriele Leschke (Sozialwissenschaftliche Bibliothek &amp; Bibliothek des Osteuropa-Instituts)<\/h6>\n","protected":false},"excerpt":{"rendered":"<p>Der Bildungsstreik, der den Zugang zur Sozialwissenschaftlichen Bibliothek &amp; Bibliothek des Osteuropa-Instituts auf die Gruppe der ExamenskandidatInnen einschr\u00e4nkte (s. Posting vom 16. Juni), endet heute abend. Ab Montag, 22.6., ist die Bibliothek zu den \u00fcblichen \u00d6ffnungszeiten wieder f\u00fcr alle zug\u00e4nglich. Wir sind erleichtert, dass die f\u00fcr uns ungewohnte Situation damit beendet ist, und wir unserem &hellip; <a href=\"https:\/\/blogs.fu-berlin.de\/bibliotheken\/2009\/06\/19\/ihne-21-und-gary-55-ende-des-bildungsstreiks\/\" class=\"more-link\"><span class=\"screen-reader-text\">\u201eIhne 21 und Gary 55 &#8211; Ende des Bildungsstreiks\u201c<\/span> weiterlesen<\/a><\/p>\n","protected":false},"author":293,"featured_media":0,"comment_status":"open","ping_status":"open","sticky":false,"template":"","format":"standard","meta":{"footnotes":""},"categories":[600],"tags":[577,826],"class_list":["post-1662","post","type-post","status-publish","format-standard","hentry","category-fachbibliotheken","tag-sozialwissenschaftliche-bibliothek","tag-streik"],"_links":{"self":[{"href":"https:\/\/blogs.fu-berlin.de\/bibliotheken\/wp-json\/wp\/v2\/posts\/1662","targetHints":{"allow":["GET"]}}],"collection":[{"href":"https:\/\/blogs.fu-berlin.de\/bibliotheken\/wp-json\/wp\/v2\/posts"}],"about":[{"href":"https:\/\/blogs.fu-berlin.de\/bibliotheken\/wp-json\/wp\/v2\/types\/post"}],"author":[{"embeddable":true,"href":"https:\/\/blogs.fu-berlin.de\/bibliotheken\/wp-json\/wp\/v2\/users\/293"}],"replies":[{"embeddable":true,"href":"https:\/\/blogs.fu-berlin.de\/bibliotheken\/wp-json\/wp\/v2\/comments?post=1662"}],"version-history":[{"count":7,"href":"https:\/\/blogs.fu-berlin.de\/bibliotheken\/wp-json\/wp\/v2\/posts\/1662\/revisions"}],"predecessor-version":[{"id":1673,"href":"https:\/\/blogs.fu-berlin.de\/bibliotheken\/wp-json\/wp\/v2\/posts\/1662\/revisions\/1673"}],"wp:attachment":[{"href":"https:\/\/blogs.fu-berlin.de\/bibliotheken\/wp-json\/wp\/v2\/media?parent=1662"}],"wp:term":[{"taxonomy":"category","embeddable":true,"href":"https:\/\/blogs.fu-berlin.de\/bibliotheken\/wp-json\/wp\/v2\/categories?post=1662"},{"taxonomy":"post_tag","embeddable":true,"href":"https:\/\/blogs.fu-berlin.de\/bibliotheken\/wp-json\/wp\/v2\/tags?post=1662"}],"curies":[{"name":"wp","href":"https:\/\/api.w.org\/{rel}","templated":true}]}}