{"id":16656,"date":"2014-05-05T17:37:55","date_gmt":"2014-05-05T16:37:55","guid":{"rendered":"https:\/\/blogs.fu-berlin.de\/bibliotheken\/?p=16656"},"modified":"2021-09-16T11:24:48","modified_gmt":"2021-09-16T10:24:48","slug":"ihre-stimme-zaehlt-wer-und-was-2014-zur-wahl-steht","status":"publish","type":"post","link":"https:\/\/blogs.fu-berlin.de\/bibliotheken\/2014\/05\/05\/ihre-stimme-zaehlt-wer-und-was-2014-zur-wahl-steht\/","title":{"rendered":"Ihre Stimme z\u00e4hlt! Wer und was 2014 zur Wahl steht"},"content":{"rendered":"\n<p><em><span class=\"has-inline-color has-bright-red-color\">Der Betrieb des \u201eDokumentationszentrums UN \u2013 EU\u201c wird eingestellt. Die entsprechende Literatur bleibt im Bestand und ist weiterhin zug\u00e4nglich.<\/span><\/em><\/p>\n\n\n<p><a href=\"https:\/\/blogs.fu-berlin.de\/bibliotheken\/2014\/05\/05\/ihre-stimme-zaehlt-wer-und-was-2014-zur-wahl-steht\/election_ep\/\" rel=\"attachment wp-att-16659\"><img loading=\"lazy\" decoding=\"async\" class=\"alignright size-full wp-image-16659\" alt=\"election_ep\" src=\"https:\/\/blogs.fu-berlin.de\/bibliotheken\/files\/2014\/04\/election_ep.png\" width=\"294\" height=\"165\"><\/a>Am 25. Mai 2014 wird in Deutschland das neue Europ\u00e4ische Parlament gew\u00e4hlt. Ihre Fragen zur Europapolitik k\u00f6nnen Sie den Kandidaten und Kandidatinnen der aktuell im EP vertretenen Parteien stellen. Das <a href=\"https:\/\/www.ub.fu-berlin.de\/bibliothek\/uneu\/\">Dokumentationszentrum Vereinte Nationen &#8211; Europ\u00e4ische Union<\/a>, die Deutsche Gesellschaft e.V. und die Europa-Union Berlin laden Studierende und Hochschulangeh\u00f6rige zu einer Diskussionsveranstaltung am 13. Mai 2014 von 18:00 bis 20:00 Uhr im Henry-Ford-Bau (H\u00f6rsaal B) der Freien Universit\u00e4t Berlin, Garystra\u00dfe 35, 14195 Berlin-Dahlem mit den Kandidaten ein. Frau Professorin B\u00f6rzel wird diese Veranstaltung moderieren.<br>\n<a href=\"https:\/\/blogs.fu-berlin.de\/bibliotheken\/files\/2014\/04\/europawahl.pdf\">Einladung<\/a><\/p>","protected":false},"excerpt":{"rendered":"<p>Der Betrieb des \u201eDokumentationszentrums UN \u2013 EU\u201c wird eingestellt. Die entsprechende Literatur bleibt im Bestand und ist weiterhin zug\u00e4nglich. Am 25. Mai 2014 wird in Deutschland das neue Europ\u00e4ische Parlament gew\u00e4hlt. Ihre Fragen zur Europapolitik k\u00f6nnen Sie den Kandidaten und Kandidatinnen der aktuell im EP vertretenen Parteien stellen. Das Dokumentationszentrum Vereinte Nationen &#8211; Europ\u00e4ische Union, &hellip; <a href=\"https:\/\/blogs.fu-berlin.de\/bibliotheken\/2014\/05\/05\/ihre-stimme-zaehlt-wer-und-was-2014-zur-wahl-steht\/\" class=\"more-link\"><span class=\"screen-reader-text\">\u201eIhre Stimme z\u00e4hlt! Wer und was 2014 zur Wahl steht\u201c<\/span> weiterlesen<\/a><\/p>\n","protected":false},"author":877,"featured_media":0,"comment_status":"open","ping_status":"open","sticky":false,"template":"","format":"standard","meta":{"footnotes":""},"categories":[70],"tags":[2458,18602],"class_list":["post-16656","post","type-post","status-publish","format-standard","hentry","category-veranstaltungen","tag-dokumentationszentrum-un-eu","tag-europawahl-2014"],"_links":{"self":[{"href":"https:\/\/blogs.fu-berlin.de\/bibliotheken\/wp-json\/wp\/v2\/posts\/16656","targetHints":{"allow":["GET"]}}],"collection":[{"href":"https:\/\/blogs.fu-berlin.de\/bibliotheken\/wp-json\/wp\/v2\/posts"}],"about":[{"href":"https:\/\/blogs.fu-berlin.de\/bibliotheken\/wp-json\/wp\/v2\/types\/post"}],"author":[{"embeddable":true,"href":"https:\/\/blogs.fu-berlin.de\/bibliotheken\/wp-json\/wp\/v2\/users\/877"}],"replies":[{"embeddable":true,"href":"https:\/\/blogs.fu-berlin.de\/bibliotheken\/wp-json\/wp\/v2\/comments?post=16656"}],"version-history":[{"count":12,"href":"https:\/\/blogs.fu-berlin.de\/bibliotheken\/wp-json\/wp\/v2\/posts\/16656\/revisions"}],"predecessor-version":[{"id":29571,"href":"https:\/\/blogs.fu-berlin.de\/bibliotheken\/wp-json\/wp\/v2\/posts\/16656\/revisions\/29571"}],"wp:attachment":[{"href":"https:\/\/blogs.fu-berlin.de\/bibliotheken\/wp-json\/wp\/v2\/media?parent=16656"}],"wp:term":[{"taxonomy":"category","embeddable":true,"href":"https:\/\/blogs.fu-berlin.de\/bibliotheken\/wp-json\/wp\/v2\/categories?post=16656"},{"taxonomy":"post_tag","embeddable":true,"href":"https:\/\/blogs.fu-berlin.de\/bibliotheken\/wp-json\/wp\/v2\/tags?post=16656"}],"curies":[{"name":"wp","href":"https:\/\/api.w.org\/{rel}","templated":true}]}}