{"id":16716,"date":"2014-04-25T13:12:39","date_gmt":"2014-04-25T12:12:39","guid":{"rendered":"https:\/\/blogs.fu-berlin.de\/bibliotheken\/?p=16716"},"modified":"2014-09-05T10:53:58","modified_gmt":"2014-09-05T09:53:58","slug":"ub-bekommt-neuen-eingangsbereich","status":"publish","type":"post","link":"https:\/\/blogs.fu-berlin.de\/bibliotheken\/2014\/04\/25\/ub-bekommt-neuen-eingangsbereich\/","title":{"rendered":"UB bekommt neuen Eingangsbereich"},"content":{"rendered":"<figure id=\"attachment_16719\" aria-describedby=\"caption-attachment-16719\" style=\"width: 300px\" class=\"wp-caption alignright\"><img loading=\"lazy\" decoding=\"async\" src=\"https:\/\/blogs.fu-berlin.de\/bibliotheken\/files\/2014\/04\/umbau_Gary39-300x246.gif\" alt=\"Haupteingang Garystr. 39\" width=\"300\" height=\"246\" class=\"size-medium wp-image-16719\" \/><figcaption id=\"caption-attachment-16719\" class=\"wp-caption-text\">Haupteingang Garystr. 39<\/figcaption><\/figure>\n<p>Im Mai 2014 beginnen Arbeiten zur Umgestaltung des Aussenbereiches der Universit\u00e4tsbibliothek.<\/p>\n<p>Neben einer teilweisen Neubepflanzung der Gr\u00fcnanlagen wird es einen neuen Eingangsbereich geben, der in seiner Gestaltung mit anderen FU-Geb\u00e4uden in der Garystrasse, also Henry-Ford-Bau und Fachbereich Wirtschaftswissenschaften korrespondieren wird.<\/p>\n<p>Der Haupteingang wird durch eine Rampe barrierefrei werden und es\u00a0wird neue Sitzb\u00e4nke und Fahrradst\u00e4nder geben.<\/p>\n<h4>Achtung: Die Buchr\u00fcckgabek\u00e4sten der Universit\u00e4tsbibliothek im Haupteingang sind am 1. September 2014 nicht erreichbar &#8211; der Bereich bekommt neue Steinfliesen. Wir hoffen, dass dieser Zustand nicht mehr als 1-2 Tage dauern wird.<\/h4>\n<p>Der Eingang Garystrasse 39 wird w\u00e4hrend der gesamten Bauzeit benutzbar bleiben, teils mit Einschr\u00e4nkungen (evtl. Sperrung einer H\u00e4lfte). Die Beendigung der Bauarbeiten ist f\u00fcr das Ende der Sommerferien vorgesehen.<\/p>\n<p>F\u00fcr eventuelle Beeintr\u00e4chtigungen bitten wir um Verst\u00e4ndnis!<\/p>\n","protected":false},"excerpt":{"rendered":"<p>Im Mai 2014 beginnen Arbeiten zur Umgestaltung des Aussenbereiches der Universit\u00e4tsbibliothek. Neben einer teilweisen Neubepflanzung der Gr\u00fcnanlagen wird es einen neuen Eingangsbereich geben, der in seiner Gestaltung mit anderen FU-Geb\u00e4uden in der Garystrasse, also Henry-Ford-Bau und Fachbereich Wirtschaftswissenschaften korrespondieren wird. Der Haupteingang wird durch eine Rampe barrierefrei werden und es\u00a0wird neue Sitzb\u00e4nke und Fahrradst\u00e4nder geben. &hellip; <a href=\"https:\/\/blogs.fu-berlin.de\/bibliotheken\/2014\/04\/25\/ub-bekommt-neuen-eingangsbereich\/\" class=\"more-link\"><span class=\"screen-reader-text\">\u201eUB bekommt neuen Eingangsbereich\u201c<\/span> weiterlesen<\/a><\/p>\n","protected":false},"author":265,"featured_media":0,"comment_status":"open","ping_status":"open","sticky":false,"template":"","format":"standard","meta":{"footnotes":""},"categories":[601],"tags":[18617],"class_list":["post-16716","post","type-post","status-publish","format-standard","hentry","category-universitatsbibliothek","tag-ub-umbau-des-eingangsbereiches"],"_links":{"self":[{"href":"https:\/\/blogs.fu-berlin.de\/bibliotheken\/wp-json\/wp\/v2\/posts\/16716","targetHints":{"allow":["GET"]}}],"collection":[{"href":"https:\/\/blogs.fu-berlin.de\/bibliotheken\/wp-json\/wp\/v2\/posts"}],"about":[{"href":"https:\/\/blogs.fu-berlin.de\/bibliotheken\/wp-json\/wp\/v2\/types\/post"}],"author":[{"embeddable":true,"href":"https:\/\/blogs.fu-berlin.de\/bibliotheken\/wp-json\/wp\/v2\/users\/265"}],"replies":[{"embeddable":true,"href":"https:\/\/blogs.fu-berlin.de\/bibliotheken\/wp-json\/wp\/v2\/comments?post=16716"}],"version-history":[{"count":10,"href":"https:\/\/blogs.fu-berlin.de\/bibliotheken\/wp-json\/wp\/v2\/posts\/16716\/revisions"}],"predecessor-version":[{"id":17162,"href":"https:\/\/blogs.fu-berlin.de\/bibliotheken\/wp-json\/wp\/v2\/posts\/16716\/revisions\/17162"}],"wp:attachment":[{"href":"https:\/\/blogs.fu-berlin.de\/bibliotheken\/wp-json\/wp\/v2\/media?parent=16716"}],"wp:term":[{"taxonomy":"category","embeddable":true,"href":"https:\/\/blogs.fu-berlin.de\/bibliotheken\/wp-json\/wp\/v2\/categories?post=16716"},{"taxonomy":"post_tag","embeddable":true,"href":"https:\/\/blogs.fu-berlin.de\/bibliotheken\/wp-json\/wp\/v2\/tags?post=16716"}],"curies":[{"name":"wp","href":"https:\/\/api.w.org\/{rel}","templated":true}]}}