{"id":16766,"date":"2014-05-05T16:35:12","date_gmt":"2014-05-05T15:35:12","guid":{"rendered":"https:\/\/blogs.fu-berlin.de\/bibliotheken\/?p=16766"},"modified":"2014-05-09T17:47:28","modified_gmt":"2014-05-09T16:47:28","slug":"lange-nacht-der-wissenschaften-am-10-mai-2014-programm-der-universitaetsbibliothek","status":"publish","type":"post","link":"https:\/\/blogs.fu-berlin.de\/bibliotheken\/2014\/05\/05\/lange-nacht-der-wissenschaften-am-10-mai-2014-programm-der-universitaetsbibliothek\/","title":{"rendered":"Lange Nacht der Wissenschaften am 10. Mai 2014: Programm der Universit\u00e4tsbibliothek"},"content":{"rendered":"<p><img loading=\"lazy\" decoding=\"async\" src=\"https:\/\/www.ub.fu-berlin.de\/image\/neue_homepage\/lange_nacht.jpg\" width=\"148\" height=\"182\" class=\"alignright\" \/>Zur Langen Nacht der Wissenschaften am 10. Mai 2014 wird in der Universit\u00e4tsbibliothek (UB) die <a href=\"https:\/\/www.ub.fu-berlin.de\/service_neu\/ausstellung\/\">Ausstellung &#8222;Madre d&#8217;Israel&#8220;<\/a> im Foyer er\u00f6ffnet. <\/p>\n<p>Die Ausstellung besch\u00e4ftigt sich mit Thessaloniki, das bis zum Ausbruch des Zweiten Weltkriegs als das \u201eJerusalem des Balkans\u201c galt und die gr\u00f6\u00dfte Gemeinde sephardischer Juden in Europa beheimatete. Sie gibt Einblicke in die Geschichte und Kultur der Sephardim in Thessaloniki seit der Zeit der Einwanderung aus Spanien im 16. Jahrhundert bis zur Massendeportation durch die deutsche Besatzung 1943. Erg\u00e4nzt wird die Wanderausstellung der Universit\u00e4tsbibliothek Osnabr\u00fcck durch Literatur aus dem Bestand der Bibliotheken der Freien Universit\u00e4t Berlin. Die Ausstellung wird bis zum 4. Juli 2014 in der UB zu sehen sein. TeilnehmerInnen haben die M\u00f6glichkeit, sich von Prof. Dr. Pechlivanos und Mitarb. des Instituts f\u00fcr Griechische u. Lateinische Philologie\/Neogr\u00e4zistik exklusiv in die Ausstellung einf\u00fchren zu lassen (17.15 Uhr und 22.15, ca. 30 Min). <\/p>\n<p>Mit dem \u201eVisual History Archive (VHA)\u201c, \u201eFold3 Holocaust Archives\u201c und \u201eTestaments to the Holocaust\u201c gew\u00e4hrt die Freie Universit\u00e4t Berlin Zugang zu gleich drei einzigartigen Onlinequellen zur Geschichte des Holocaust, wobei besonders die Sammlung von Zeitzeugenberichten (Interviews, schriftlichen Dokumenten) sowie anderen Originalquellen bemerkenswert ist. Mario Kowalak, Fachreferent f\u00fcr Geschichte an der Universit\u00e4tsbibliothek pr\u00e4sentiert einen \u00dcberblick, ausgew\u00e4hlte Inhalte und Recherchemethoden zu den genannten Online-Archiven (21.15 Uhr ca 30 Min.).<\/p>\n<p>Ein spannendes St\u00fcck Zehlendorfer Ortsgeschichte bietet der Vortrag von Dr. U. Tarnow &#8222;Stra\u00dfennamen in Dahlem. Stadtplanung und Identit\u00e4t im Wandel der Zeiten\u201c. Er zeichnet Entwicklung und stadtplanerische Ver\u00e4nderungen des Berliner Ortsteils Dahlem nach und zeigt anhand von Stra\u00dfennamen charakteristische Schwerpunkte lokaler Identit\u00e4tsbildung auf (19.15 Uhr ca. 60 Minuten). <\/p>\n<p>Au\u00dferdem k\u00f6nnen die BesucherInnen die Universit\u00e4tsbibliothek kennen lernen und sich durch Lesesaal, Informationszentrum und die sonst nicht zug\u00e4nglichen Magazint\u00fcrme f\u00fchren lassen: tauchen Sie ein in Millionen B\u00e4nde gedruckten und digitalisierten Wissens und werfen Sie dann einen Blick in den n\u00e4chtlichen Himmel \u00fcber den D\u00e4chern Dahlems (20.15 ca. 30 Min. und weitere bei Nachfrage). Erfahren Sie, dass Bibliotheken nicht von Wolkenkuckucksheimen tr\u00e4umen, aber dennoch in der \u201eCloud\u201c aktiv vertreten sind. <\/p>\n<p>Auf dem B\u00fccherbasar kann man nach B\u00fcchern st\u00f6bern.<\/p>\n<p>\u00dcber das<a href=\"https:\/\/www.fu-berlin.de\/sites\/langenacht\/media\/lndw-fu-programm.pdf?1396269009\"> Gesamtprogramm der Freien Universit\u00e4t<\/a>  informiert ein eigenes Heft. <\/p>\n<p>Auch das Begleitprogramm mit Live-Musik, Lesungen und kulinarischen K\u00f6stlichkeiten laden zu einem Bummel \u00fcber den Campus ein.<br \/>\nMit Einbruch der Dunkelheit erstrahlt auch in diesem Jahr der Campus in farbigen Lichtern: Die f\u00fcr die Freie Universit\u00e4t typischen Lichtobjekte werden die Haupteing\u00e4nge und den sogenannten naturwissenschaftlichen Weg von der Fabeckstra\u00dfe bis zu den Geb\u00e4uden des Fachbereichs Mathematik und Informatik erleuchten.<\/p>\n","protected":false},"excerpt":{"rendered":"<p>Zur Langen Nacht der Wissenschaften am 10. Mai 2014 wird in der Universit\u00e4tsbibliothek (UB) die Ausstellung &#8222;Madre d&#8217;Israel&#8220; im Foyer er\u00f6ffnet. Die Ausstellung besch\u00e4ftigt sich mit Thessaloniki, das bis zum Ausbruch des Zweiten Weltkriegs als das \u201eJerusalem des Balkans\u201c galt und die gr\u00f6\u00dfte Gemeinde sephardischer Juden in Europa beheimatete. Sie gibt Einblicke in die Geschichte &hellip; <a href=\"https:\/\/blogs.fu-berlin.de\/bibliotheken\/2014\/05\/05\/lange-nacht-der-wissenschaften-am-10-mai-2014-programm-der-universitaetsbibliothek\/\" class=\"more-link\"><span class=\"screen-reader-text\">\u201eLange Nacht der Wissenschaften am 10. Mai 2014: Programm der Universit\u00e4tsbibliothek\u201c<\/span> weiterlesen<\/a><\/p>\n","protected":false},"author":265,"featured_media":0,"comment_status":"open","ping_status":"open","sticky":false,"template":"","format":"standard","meta":{"footnotes":""},"categories":[601],"tags":[772],"class_list":["post-16766","post","type-post","status-publish","format-standard","hentry","category-universitatsbibliothek","tag-lange-nacht-der-wissenschaften"],"_links":{"self":[{"href":"https:\/\/blogs.fu-berlin.de\/bibliotheken\/wp-json\/wp\/v2\/posts\/16766","targetHints":{"allow":["GET"]}}],"collection":[{"href":"https:\/\/blogs.fu-berlin.de\/bibliotheken\/wp-json\/wp\/v2\/posts"}],"about":[{"href":"https:\/\/blogs.fu-berlin.de\/bibliotheken\/wp-json\/wp\/v2\/types\/post"}],"author":[{"embeddable":true,"href":"https:\/\/blogs.fu-berlin.de\/bibliotheken\/wp-json\/wp\/v2\/users\/265"}],"replies":[{"embeddable":true,"href":"https:\/\/blogs.fu-berlin.de\/bibliotheken\/wp-json\/wp\/v2\/comments?post=16766"}],"version-history":[{"count":10,"href":"https:\/\/blogs.fu-berlin.de\/bibliotheken\/wp-json\/wp\/v2\/posts\/16766\/revisions"}],"predecessor-version":[{"id":16820,"href":"https:\/\/blogs.fu-berlin.de\/bibliotheken\/wp-json\/wp\/v2\/posts\/16766\/revisions\/16820"}],"wp:attachment":[{"href":"https:\/\/blogs.fu-berlin.de\/bibliotheken\/wp-json\/wp\/v2\/media?parent=16766"}],"wp:term":[{"taxonomy":"category","embeddable":true,"href":"https:\/\/blogs.fu-berlin.de\/bibliotheken\/wp-json\/wp\/v2\/categories?post=16766"},{"taxonomy":"post_tag","embeddable":true,"href":"https:\/\/blogs.fu-berlin.de\/bibliotheken\/wp-json\/wp\/v2\/tags?post=16766"}],"curies":[{"name":"wp","href":"https:\/\/api.w.org\/{rel}","templated":true}]}}