{"id":16950,"date":"2014-06-06T12:26:13","date_gmt":"2014-06-06T11:26:13","guid":{"rendered":"https:\/\/blogs.fu-berlin.de\/bibliotheken\/?p=16950"},"modified":"2014-06-06T12:28:08","modified_gmt":"2014-06-06T11:28:08","slug":"friedenspreises-des-deutschen-buchhandels-fuer-jaron-lanier","status":"publish","type":"post","link":"https:\/\/blogs.fu-berlin.de\/bibliotheken\/2014\/06\/06\/friedenspreises-des-deutschen-buchhandels-fuer-jaron-lanier\/","title":{"rendered":"Friedenspreis des Deutschen Buchhandels f\u00fcr Jaron Lanier"},"content":{"rendered":"<p>Der Stiftungsrat des Friedenspreises des Deutschen Buchhandels hat den amerikanischen Informatiker, Musiker und Schriftsteller <a href=\"https:\/\/de.wikipedia.org\/wiki\/Jaron_Lanier\">Jaron Lanier<\/a> zum diesj\u00e4hrigen Tr\u00e4ger des Friedenspreises gew\u00e4hlt. Die Verleihung findet w\u00e4hrend der Frankfurter Buchmesse am Sonntag, 12. Oktober 2014, in der Paulskirche statt und wird live in der ARD \u00fcbertragen. Der Friedenspreis wird seit 1950 vergeben und ist mit 25.000 Euro dotiert.<\/p>\n<p>Zum ersten Mal wurde mit Lanier ein Internet-Kritiker ausgew\u00e4hlt.<\/p>\n<p>Jaron Lanier war der Initiator f\u00fcr die Entwicklung von internet-basierten Computernetzwerken und hat virtuelle Kameras, 3D-Grafiken f\u00fcr Kinofilme und den ersten Avatar, einen k\u00fcnstlichen Stellvertreter f\u00fcr eine reale Person in der virtuellen Welt, konstruiert. <\/p>\n<p>Seit dem Jahr 2000 setzt sich Jaron Lanier verst\u00e4rkt mit der immer gr\u00f6\u00dfer werdenden Diskrepanz zwischen Mensch und Maschine, Wirklichkeit und virtueller Realit\u00e4t sowie der finanziellen Nutzbarmachung gegen\u00fcber dem Missbrauch von Wissen und Daten auseinander. Mit seinen beiden B\u00fcchern <a href=\"https:\/\/primo.kobv.de\/primo_library\/libweb\/action\/dlDisplay.do?docId=FUB_ALEPH004107737&amp;loc=adaptor,primo_central_multiple_fe&amp;vid=FUB\" target=\"_blank\">\u201eGadget. Warum die Zukunft uns noch braucht\u201c<\/a> (2010 im Suhrkamp Verlag) und \u201eWem geh\u00f6rt die Zukunft?\u201c (<a href=\"https:\/\/primo.kobv.de\/primo_library\/libweb\/action\/dlDisplay.do?docId=FUB_ALEPH004675171&amp;loc=adaptor,primo_central_multiple_fe&amp;vid=FUB\" target=\"_blank\">Who owns the future? 2013<\/a>, dt. 2014 im Verlag Hoffmann und Campe) sowie zahlreichen Artikeln \u00fcber negative Entwicklungen in der Digitalen Welt ist er in den letzten Jahren zu einem ihrer wichtigsten Kritiker geworden. <\/p>\n<p>&#8222;Wem geh\u00f6rt die Zukunft&#8220; wird gerade von der UB gekauft.<\/p>\n","protected":false},"excerpt":{"rendered":"<p>Der Stiftungsrat des Friedenspreises des Deutschen Buchhandels hat den amerikanischen Informatiker, Musiker und Schriftsteller Jaron Lanier zum diesj\u00e4hrigen Tr\u00e4ger des Friedenspreises gew\u00e4hlt. Die Verleihung findet w\u00e4hrend der Frankfurter Buchmesse am Sonntag, 12. Oktober 2014, in der Paulskirche statt und wird live in der ARD \u00fcbertragen. Der Friedenspreis wird seit 1950 vergeben und ist mit 25.000 &hellip; <a href=\"https:\/\/blogs.fu-berlin.de\/bibliotheken\/2014\/06\/06\/friedenspreises-des-deutschen-buchhandels-fuer-jaron-lanier\/\" class=\"more-link\"><span class=\"screen-reader-text\">\u201eFriedenspreis des Deutschen Buchhandels f\u00fcr Jaron Lanier\u201c<\/span> weiterlesen<\/a><\/p>\n","protected":false},"author":265,"featured_media":0,"comment_status":"open","ping_status":"open","sticky":false,"template":"","format":"standard","meta":{"footnotes":""},"categories":[9],"tags":[18641,18642],"class_list":["post-16950","post","type-post","status-publish","format-standard","hentry","category-allgemein","tag-friedenspreis-des-deutschen-buchhandels-2014","tag-jaron-lanier"],"_links":{"self":[{"href":"https:\/\/blogs.fu-berlin.de\/bibliotheken\/wp-json\/wp\/v2\/posts\/16950","targetHints":{"allow":["GET"]}}],"collection":[{"href":"https:\/\/blogs.fu-berlin.de\/bibliotheken\/wp-json\/wp\/v2\/posts"}],"about":[{"href":"https:\/\/blogs.fu-berlin.de\/bibliotheken\/wp-json\/wp\/v2\/types\/post"}],"author":[{"embeddable":true,"href":"https:\/\/blogs.fu-berlin.de\/bibliotheken\/wp-json\/wp\/v2\/users\/265"}],"replies":[{"embeddable":true,"href":"https:\/\/blogs.fu-berlin.de\/bibliotheken\/wp-json\/wp\/v2\/comments?post=16950"}],"version-history":[{"count":5,"href":"https:\/\/blogs.fu-berlin.de\/bibliotheken\/wp-json\/wp\/v2\/posts\/16950\/revisions"}],"predecessor-version":[{"id":16955,"href":"https:\/\/blogs.fu-berlin.de\/bibliotheken\/wp-json\/wp\/v2\/posts\/16950\/revisions\/16955"}],"wp:attachment":[{"href":"https:\/\/blogs.fu-berlin.de\/bibliotheken\/wp-json\/wp\/v2\/media?parent=16950"}],"wp:term":[{"taxonomy":"category","embeddable":true,"href":"https:\/\/blogs.fu-berlin.de\/bibliotheken\/wp-json\/wp\/v2\/categories?post=16950"},{"taxonomy":"post_tag","embeddable":true,"href":"https:\/\/blogs.fu-berlin.de\/bibliotheken\/wp-json\/wp\/v2\/tags?post=16950"}],"curies":[{"name":"wp","href":"https:\/\/api.w.org\/{rel}","templated":true}]}}