{"id":16958,"date":"2014-06-13T09:52:27","date_gmt":"2014-06-13T08:52:27","guid":{"rendered":"https:\/\/blogs.fu-berlin.de\/bibliotheken\/?p=16958"},"modified":"2014-06-16T13:34:36","modified_gmt":"2014-06-16T12:34:36","slug":"frank-schirrmacher-gestorben","status":"publish","type":"post","link":"https:\/\/blogs.fu-berlin.de\/bibliotheken\/2014\/06\/13\/frank-schirrmacher-gestorben\/","title":{"rendered":"Frank Schirrmacher gestorben"},"content":{"rendered":"<p>Frank Schirrmacher &#8211; Journalist, Essayist, Buchautor und Mitherausgeber der Frankfurter Allgemeinen Zeitung ist gestern \u00fcberraschend gestorben.<\/p>\n<p>Mit seinen B\u00fcchern hat er Diskussionen zu gesellschaftlich wichtigen Themen unter neuen Blickwinkeln angeregt, wie bspw. \u00fcber die alternde Gesellschaft oder die Auswirkungen der Informationstechnologie auf den Menschen.<\/p>\n<p>Schirrmachers B\u00fccher &#8211; fast alle Bestseller in der Kategorie Sachbuch &#8211; befinden sich im <a href=\"https:\/\/primo.kobv.de\/primo_library\/libweb\/action\/search.do?dscnt=0&amp;frbg=&amp;scp.scps=scope%3A%28FUB%29%2Cscope%3A%28FUB_IMG_M%29%2Cscope%3A%28FUB_IMG_T%29%2Cscope%3A%28FUB_ML_KB%29%2Cscope%3A%28BGBM%29%2Cscope%3A%28MFN%29%2Cscope%3A%28MAN_NL_ALL%29%2Cscope%3A%28%22CHAR%22%29%2Cscope%3A%28FUB_IMG_P%29%2Cscope%3A%28FUB_IMG_W%29%2Cscope%3A%28FUB_SFX%29&amp;tab=fub_local&amp;dstmp=1402645912559&amp;srt=rank&amp;ct=search&amp;mode=Basic&amp;dum=true&amp;tb=t&amp;indx=1&amp;vl%281UIStartWith0%29=contains&amp;vl%28freeText0%29=frank%20schirrmacher&amp;vid=FUB&amp;fn=search\" target=\"_blank\">Bestand der FU Berlin<\/a>.<\/p>\n","protected":false},"excerpt":{"rendered":"<p>Frank Schirrmacher &#8211; Journalist, Essayist, Buchautor und Mitherausgeber der Frankfurter Allgemeinen Zeitung ist gestern \u00fcberraschend gestorben. Mit seinen B\u00fcchern hat er Diskussionen zu gesellschaftlich wichtigen Themen unter neuen Blickwinkeln angeregt, wie bspw. \u00fcber die alternde Gesellschaft oder die Auswirkungen der Informationstechnologie auf den Menschen. Schirrmachers B\u00fccher &#8211; fast alle Bestseller in der Kategorie Sachbuch &#8211; &hellip; <a href=\"https:\/\/blogs.fu-berlin.de\/bibliotheken\/2014\/06\/13\/frank-schirrmacher-gestorben\/\" class=\"more-link\"><span class=\"screen-reader-text\">\u201eFrank Schirrmacher gestorben\u201c<\/span> weiterlesen<\/a><\/p>\n","protected":false},"author":265,"featured_media":0,"comment_status":"open","ping_status":"open","sticky":false,"template":"","format":"standard","meta":{"footnotes":""},"categories":[9],"tags":[18643],"class_list":["post-16958","post","type-post","status-publish","format-standard","hentry","category-allgemein","tag-frank-schirrmacher"],"_links":{"self":[{"href":"https:\/\/blogs.fu-berlin.de\/bibliotheken\/wp-json\/wp\/v2\/posts\/16958","targetHints":{"allow":["GET"]}}],"collection":[{"href":"https:\/\/blogs.fu-berlin.de\/bibliotheken\/wp-json\/wp\/v2\/posts"}],"about":[{"href":"https:\/\/blogs.fu-berlin.de\/bibliotheken\/wp-json\/wp\/v2\/types\/post"}],"author":[{"embeddable":true,"href":"https:\/\/blogs.fu-berlin.de\/bibliotheken\/wp-json\/wp\/v2\/users\/265"}],"replies":[{"embeddable":true,"href":"https:\/\/blogs.fu-berlin.de\/bibliotheken\/wp-json\/wp\/v2\/comments?post=16958"}],"version-history":[{"count":4,"href":"https:\/\/blogs.fu-berlin.de\/bibliotheken\/wp-json\/wp\/v2\/posts\/16958\/revisions"}],"predecessor-version":[{"id":16979,"href":"https:\/\/blogs.fu-berlin.de\/bibliotheken\/wp-json\/wp\/v2\/posts\/16958\/revisions\/16979"}],"wp:attachment":[{"href":"https:\/\/blogs.fu-berlin.de\/bibliotheken\/wp-json\/wp\/v2\/media?parent=16958"}],"wp:term":[{"taxonomy":"category","embeddable":true,"href":"https:\/\/blogs.fu-berlin.de\/bibliotheken\/wp-json\/wp\/v2\/categories?post=16958"},{"taxonomy":"post_tag","embeddable":true,"href":"https:\/\/blogs.fu-berlin.de\/bibliotheken\/wp-json\/wp\/v2\/tags?post=16958"}],"curies":[{"name":"wp","href":"https:\/\/api.w.org\/{rel}","templated":true}]}}