{"id":16986,"date":"2014-06-19T14:12:48","date_gmt":"2014-06-19T13:12:48","guid":{"rendered":"https:\/\/blogs.fu-berlin.de\/bibliotheken\/?p=16986"},"modified":"2014-06-19T14:18:00","modified_gmt":"2014-06-19T13:18:00","slug":"finnissage-fuer-ausstellung-in-der-ub","status":"publish","type":"post","link":"https:\/\/blogs.fu-berlin.de\/bibliotheken\/2014\/06\/19\/finnissage-fuer-ausstellung-in-der-ub\/","title":{"rendered":"Finnissage f\u00fcr Ausstellung in der UB"},"content":{"rendered":"<p><strong>Finissage am Mittwoch den 02. Juli 2014 von 20-22 Uhr im Foyer der Universit\u00e4tsbibliothek, Garystr. 39, 14195 Berlin<\/strong><\/p>\n<p>In der abschlie\u00dfenden Veranstaltung greifen die MitarbeiterInnen des Instituts f\u00fcr Griechische und Lateinische Philologie \/ Neogr\u00e4zistik in Kooperation mit dem Centrum Modernes Griechenland (CeMoG) und der Universit\u00e4tsbibliothek der Freien Universit\u00e4t Berlin die Materialien der <a href=\"https:\/\/www.ub.fu-berlin.de\/service_neu\/ausstellung\/index.html\" target=\"_blank\">Ausstellung &#8222;Madre d&#8217;Israel. Die sephardisch-j\u00fcdische Kultur Thessalonikis 70 Jahre nach den Deportationen&#8220;<\/a> neu auf. <\/p>\n<p>Video-Interviews von Zeitzeugen und \u00dcberlebenden des Holocaust, Fragmente aus der literarischen Erinnerungskultur in Griechenland, wandernde sephardische Melodien aus dem Mittelmeerraum und syn\u00e4sthetische Nachrufe, wie z.B. von Elias Petropoulos, die vom Duft der einzigen j\u00fcdisch gepr\u00e4gten Gro\u00dfstadt Europas \u2013 einer Mischung aus \u201eRosenwasser, gebratenen Zwiebeln und reifen Honigmelonen\u201c \u2013 reden, versuchen den sephardisch-j\u00fcdischen Puls von Salonik\u00e1i zu treffen.<\/p>\n<p>Die Ausstellung kann noch bis zum 4. Juli 2014 Mo-Fr von 9-20 Uhr angeschaut werden.<\/p>\n","protected":false},"excerpt":{"rendered":"<p>Finissage am Mittwoch den 02. Juli 2014 von 20-22 Uhr im Foyer der Universit\u00e4tsbibliothek, Garystr. 39, 14195 Berlin In der abschlie\u00dfenden Veranstaltung greifen die MitarbeiterInnen des Instituts f\u00fcr Griechische und Lateinische Philologie \/ Neogr\u00e4zistik in Kooperation mit dem Centrum Modernes Griechenland (CeMoG) und der Universit\u00e4tsbibliothek der Freien Universit\u00e4t Berlin die Materialien der Ausstellung &#8222;Madre d&#8217;Israel. &hellip; <a href=\"https:\/\/blogs.fu-berlin.de\/bibliotheken\/2014\/06\/19\/finnissage-fuer-ausstellung-in-der-ub\/\" class=\"more-link\"><span class=\"screen-reader-text\">\u201eFinnissage f\u00fcr Ausstellung in der UB\u201c<\/span> weiterlesen<\/a><\/p>\n","protected":false},"author":265,"featured_media":0,"comment_status":"open","ping_status":"open","sticky":false,"template":"","format":"standard","meta":{"footnotes":""},"categories":[601,70],"tags":[581,18646],"class_list":["post-16986","post","type-post","status-publish","format-standard","hentry","category-universitatsbibliothek","category-veranstaltungen","tag-ausstellung","tag-madre-disrael"],"_links":{"self":[{"href":"https:\/\/blogs.fu-berlin.de\/bibliotheken\/wp-json\/wp\/v2\/posts\/16986","targetHints":{"allow":["GET"]}}],"collection":[{"href":"https:\/\/blogs.fu-berlin.de\/bibliotheken\/wp-json\/wp\/v2\/posts"}],"about":[{"href":"https:\/\/blogs.fu-berlin.de\/bibliotheken\/wp-json\/wp\/v2\/types\/post"}],"author":[{"embeddable":true,"href":"https:\/\/blogs.fu-berlin.de\/bibliotheken\/wp-json\/wp\/v2\/users\/265"}],"replies":[{"embeddable":true,"href":"https:\/\/blogs.fu-berlin.de\/bibliotheken\/wp-json\/wp\/v2\/comments?post=16986"}],"version-history":[{"count":3,"href":"https:\/\/blogs.fu-berlin.de\/bibliotheken\/wp-json\/wp\/v2\/posts\/16986\/revisions"}],"predecessor-version":[{"id":16989,"href":"https:\/\/blogs.fu-berlin.de\/bibliotheken\/wp-json\/wp\/v2\/posts\/16986\/revisions\/16989"}],"wp:attachment":[{"href":"https:\/\/blogs.fu-berlin.de\/bibliotheken\/wp-json\/wp\/v2\/media?parent=16986"}],"wp:term":[{"taxonomy":"category","embeddable":true,"href":"https:\/\/blogs.fu-berlin.de\/bibliotheken\/wp-json\/wp\/v2\/categories?post=16986"},{"taxonomy":"post_tag","embeddable":true,"href":"https:\/\/blogs.fu-berlin.de\/bibliotheken\/wp-json\/wp\/v2\/tags?post=16986"}],"curies":[{"name":"wp","href":"https:\/\/api.w.org\/{rel}","templated":true}]}}