{"id":16990,"date":"2014-06-24T10:01:01","date_gmt":"2014-06-24T09:01:01","guid":{"rendered":"https:\/\/blogs.fu-berlin.de\/bibliotheken\/?p=16990"},"modified":"2014-08-28T13:57:23","modified_gmt":"2014-08-28T12:57:23","slug":"bauarbeiten-in-den-magazinen-der-ub","status":"publish","type":"post","link":"https:\/\/blogs.fu-berlin.de\/bibliotheken\/2014\/06\/24\/bauarbeiten-in-den-magazinen-der-ub\/","title":{"rendered":"Bauarbeiten in den Magazinen der UB"},"content":{"rendered":"<figure id=\"attachment_16993\" aria-describedby=\"caption-attachment-16993\" style=\"width: 300px\" class=\"wp-caption alignright\"><img loading=\"lazy\" decoding=\"async\" class=\"size-full wp-image-16993\" alt=\"Staubschutz in der Lehrbuchsammlung\" src=\"https:\/\/blogs.fu-berlin.de\/bibliotheken\/files\/2014\/06\/staub.jpg\" width=\"300\" height=\"200\" \/><figcaption id=\"caption-attachment-16993\" class=\"wp-caption-text\">Staubschutz in der Lehrbuchsammlung<\/figcaption><\/figure>\n<p>In der Universit\u00e4tsbibliothek wird in den n\u00e4chsten 8 Monaten die fast 40 Jahre alte Buchf\u00f6rderanlage gegen eine neue Anlage ausgetauscht. Diese Arbeiten sind zumindest teilweise mit L\u00e4rm und Staub verbunden.<br \/>\n&lt;!&#8211;<\/p>\n<h4>Aktuelle Information: Am 26. und 27.August 2014 rechnen wir wegen Durchbrucharbeiten mit besonderen L\u00e4rmbel\u00e4stigungen.<\/h4>\n<p>&#8211;&gt;<br \/>\nZum Schutz von Menschen und B\u00fcchern gegen die Staubentwicklung wurden in allen Magazingeschossen Staubschutzw\u00e4nde um den Baustellenbereich gezogen. Wer sich im Offenen Magazin bewegt, muss also durch die T\u00fcren in den Staubw\u00e4nden gehen, um Buchbest\u00e4nde in den hinteren Bereichen zu erreichen.<\/p>\n<p>Wir gehen derzeit davon aus, dass wir den Betrieb in allen Bauphasen aufrecht erhalten k\u00f6nnen.<\/p>\n<p>Wir bitten um Verst\u00e4ndnis.<\/p>\n","protected":false},"excerpt":{"rendered":"<p>In der Universit\u00e4tsbibliothek wird in den n\u00e4chsten 8 Monaten die fast 40 Jahre alte Buchf\u00f6rderanlage gegen eine neue Anlage ausgetauscht. Diese Arbeiten sind zumindest teilweise mit L\u00e4rm und Staub verbunden. &lt;!&#8211; Aktuelle Information: Am 26. und 27.August 2014 rechnen wir wegen Durchbrucharbeiten mit besonderen L\u00e4rmbel\u00e4stigungen. &#8211;&gt; Zum Schutz von Menschen und B\u00fcchern gegen die Staubentwicklung &hellip; <a href=\"https:\/\/blogs.fu-berlin.de\/bibliotheken\/2014\/06\/24\/bauarbeiten-in-den-magazinen-der-ub\/\" class=\"more-link\"><span class=\"screen-reader-text\">\u201eBauarbeiten in den Magazinen der UB\u201c<\/span> weiterlesen<\/a><\/p>\n","protected":false},"author":265,"featured_media":0,"comment_status":"open","ping_status":"open","sticky":false,"template":"","format":"standard","meta":{"footnotes":""},"categories":[601],"tags":[8758],"class_list":["post-16990","post","type-post","status-publish","format-standard","hentry","category-universitatsbibliothek","tag-bauarbeiten"],"_links":{"self":[{"href":"https:\/\/blogs.fu-berlin.de\/bibliotheken\/wp-json\/wp\/v2\/posts\/16990","targetHints":{"allow":["GET"]}}],"collection":[{"href":"https:\/\/blogs.fu-berlin.de\/bibliotheken\/wp-json\/wp\/v2\/posts"}],"about":[{"href":"https:\/\/blogs.fu-berlin.de\/bibliotheken\/wp-json\/wp\/v2\/types\/post"}],"author":[{"embeddable":true,"href":"https:\/\/blogs.fu-berlin.de\/bibliotheken\/wp-json\/wp\/v2\/users\/265"}],"replies":[{"embeddable":true,"href":"https:\/\/blogs.fu-berlin.de\/bibliotheken\/wp-json\/wp\/v2\/comments?post=16990"}],"version-history":[{"count":6,"href":"https:\/\/blogs.fu-berlin.de\/bibliotheken\/wp-json\/wp\/v2\/posts\/16990\/revisions"}],"predecessor-version":[{"id":17149,"href":"https:\/\/blogs.fu-berlin.de\/bibliotheken\/wp-json\/wp\/v2\/posts\/16990\/revisions\/17149"}],"wp:attachment":[{"href":"https:\/\/blogs.fu-berlin.de\/bibliotheken\/wp-json\/wp\/v2\/media?parent=16990"}],"wp:term":[{"taxonomy":"category","embeddable":true,"href":"https:\/\/blogs.fu-berlin.de\/bibliotheken\/wp-json\/wp\/v2\/categories?post=16990"},{"taxonomy":"post_tag","embeddable":true,"href":"https:\/\/blogs.fu-berlin.de\/bibliotheken\/wp-json\/wp\/v2\/tags?post=16990"}],"curies":[{"name":"wp","href":"https:\/\/api.w.org\/{rel}","templated":true}]}}