{"id":17060,"date":"2014-07-08T12:55:29","date_gmt":"2014-07-08T11:55:29","guid":{"rendered":"https:\/\/blogs.fu-berlin.de\/bibliotheken\/?p=17060"},"modified":"2014-07-10T09:02:19","modified_gmt":"2014-07-10T08:02:19","slug":"veraenderungen-in-der-lehrbuchsammlung-der-ub","status":"publish","type":"post","link":"https:\/\/blogs.fu-berlin.de\/bibliotheken\/2014\/07\/08\/veraenderungen-in-der-lehrbuchsammlung-der-ub\/","title":{"rendered":"Ver\u00e4nderungen in der Lehrbuchsammlung der UB"},"content":{"rendered":"<p>F\u00fcr die <a href=\"https:\/\/www.ub.fu-berlin.de\/bibliothek\/lbs\/\">Lehrbuchsammlung der UB<\/a> stehen unmittelbar Ver\u00e4nderungen an, zahlreiche Lehrb\u00fccher ziehen aus bzw. um. Im Zuge der Integration von Lehrb\u00fcchern der Fachgebiete Mathematik\/Informatik, Natur- und Erziehungswissenschaften sowie Psychologie und Pharmazie in die <a href=\"https:\/\/www.ub.fu-berlin.de\/projekt24in1\/\">neue integrierte Bibliothek<\/a>, die zurzeit im Entstehen ist, haben die Vorarbeiten begonnen.<br \/>\nDie Lehrb\u00fccher werden sukzessive aus der UB ausgeschieden und in den Fachbibliotheken z\u00fcgig um- und eingearbeitet, so dass sie dort nach wenigen Tagen wieder zur Ausleihe zur Verf\u00fcgung stehen. Bitte achten Sie von nun an bei Titelrecherchen genau auf die Bibliothek und den Standort! Sollten Ihnen einmal keine Exemplare f\u00fcr einen Titel nachgewiesen werden, kann es sein, dass sich diese B\u00e4nde gerade auf dem Transportweg bzw. in der Einarbeitung befinden. In dringenden F\u00e4llen sprechen Sie bitte das jeweilige Bibliothekspersonal an.<br \/>\nF\u00fcr m\u00f6gliche Irritationen bitten wir um Entschuldigung und um Ihre Geduld. Wir hoffen auf Ihr Verst\u00e4ndnis!<\/p>\n","protected":false},"excerpt":{"rendered":"<p>F\u00fcr die Lehrbuchsammlung der UB stehen unmittelbar Ver\u00e4nderungen an, zahlreiche Lehrb\u00fccher ziehen aus bzw. um. Im Zuge der Integration von Lehrb\u00fcchern der Fachgebiete Mathematik\/Informatik, Natur- und Erziehungswissenschaften sowie Psychologie und Pharmazie in die neue integrierte Bibliothek, die zurzeit im Entstehen ist, haben die Vorarbeiten begonnen. Die Lehrb\u00fccher werden sukzessive aus der UB ausgeschieden und in &hellip; <a href=\"https:\/\/blogs.fu-berlin.de\/bibliotheken\/2014\/07\/08\/veraenderungen-in-der-lehrbuchsammlung-der-ub\/\" class=\"more-link\"><span class=\"screen-reader-text\">\u201eVer\u00e4nderungen in der Lehrbuchsammlung der UB\u201c<\/span> weiterlesen<\/a><\/p>\n","protected":false},"author":281,"featured_media":0,"comment_status":"open","ping_status":"open","sticky":false,"template":"","format":"standard","meta":{"footnotes":""},"categories":[9,600,601],"tags":[765,778],"class_list":["post-17060","post","type-post","status-publish","format-standard","hentry","category-allgemein","category-fachbibliotheken","category-universitatsbibliothek","tag-lehrbuchsammlung","tag-umzug"],"_links":{"self":[{"href":"https:\/\/blogs.fu-berlin.de\/bibliotheken\/wp-json\/wp\/v2\/posts\/17060","targetHints":{"allow":["GET"]}}],"collection":[{"href":"https:\/\/blogs.fu-berlin.de\/bibliotheken\/wp-json\/wp\/v2\/posts"}],"about":[{"href":"https:\/\/blogs.fu-berlin.de\/bibliotheken\/wp-json\/wp\/v2\/types\/post"}],"author":[{"embeddable":true,"href":"https:\/\/blogs.fu-berlin.de\/bibliotheken\/wp-json\/wp\/v2\/users\/281"}],"replies":[{"embeddable":true,"href":"https:\/\/blogs.fu-berlin.de\/bibliotheken\/wp-json\/wp\/v2\/comments?post=17060"}],"version-history":[{"count":5,"href":"https:\/\/blogs.fu-berlin.de\/bibliotheken\/wp-json\/wp\/v2\/posts\/17060\/revisions"}],"predecessor-version":[{"id":17065,"href":"https:\/\/blogs.fu-berlin.de\/bibliotheken\/wp-json\/wp\/v2\/posts\/17060\/revisions\/17065"}],"wp:attachment":[{"href":"https:\/\/blogs.fu-berlin.de\/bibliotheken\/wp-json\/wp\/v2\/media?parent=17060"}],"wp:term":[{"taxonomy":"category","embeddable":true,"href":"https:\/\/blogs.fu-berlin.de\/bibliotheken\/wp-json\/wp\/v2\/categories?post=17060"},{"taxonomy":"post_tag","embeddable":true,"href":"https:\/\/blogs.fu-berlin.de\/bibliotheken\/wp-json\/wp\/v2\/tags?post=17060"}],"curies":[{"name":"wp","href":"https:\/\/api.w.org\/{rel}","templated":true}]}}