{"id":17089,"date":"2014-07-24T09:46:25","date_gmt":"2014-07-24T08:46:25","guid":{"rendered":"https:\/\/blogs.fu-berlin.de\/bibliotheken\/?p=17089"},"modified":"2014-07-24T09:46:25","modified_gmt":"2014-07-24T08:46:25","slug":"glaeserne-leser","status":"publish","type":"post","link":"https:\/\/blogs.fu-berlin.de\/bibliotheken\/2014\/07\/24\/glaeserne-leser\/","title":{"rendered":"Gl\u00e4serne Leser?"},"content":{"rendered":"<p>Im Z\u00fcricher Tagesanzeiger vom 21.7.2014 findet sich ein lesenswerter Artikel mit dem Titel <a href=\"https:\/\/www.tagesanzeiger.ch\/digital\/daten\/Der-gelesene-Leser\/story\/27635362\" target=\"_blank\">&#8222;Der gelesene Leser: Wer E-Books liest, wird digital verfolgt. Eine Katastrophe oder eine Chance, massgeschneiderte B\u00fccher zu schaffen?&#8220; von Martin Halter<\/a>.<\/p>\n<p>Dabei geht es um E-Book-Reader und was die Anbieter \u00fcber die Nutzerinnen und Nutzer dieser Reader ausspionieren k\u00f6nnen und wie diese Erkenntnisse m\u00f6glicherweise die Inhalte von B\u00fcchern ver\u00e4ndern k\u00f6nnten.<\/p>\n<p>Das epub-Format f\u00fcr E-Book-Reader wird \u00fcbrigens zunehmend parallel zum pdf-Format auch von Wissenschaftsverlagen angeboten.<\/p>\n","protected":false},"excerpt":{"rendered":"<p>Im Z\u00fcricher Tagesanzeiger vom 21.7.2014 findet sich ein lesenswerter Artikel mit dem Titel &#8222;Der gelesene Leser: Wer E-Books liest, wird digital verfolgt. Eine Katastrophe oder eine Chance, massgeschneiderte B\u00fccher zu schaffen?&#8220; von Martin Halter. Dabei geht es um E-Book-Reader und was die Anbieter \u00fcber die Nutzerinnen und Nutzer dieser Reader ausspionieren k\u00f6nnen und wie diese &hellip; <a href=\"https:\/\/blogs.fu-berlin.de\/bibliotheken\/2014\/07\/24\/glaeserne-leser\/\" class=\"more-link\"><span class=\"screen-reader-text\">\u201eGl\u00e4serne Leser?\u201c<\/span> weiterlesen<\/a><\/p>\n","protected":false},"author":265,"featured_media":0,"comment_status":"open","ping_status":"open","sticky":false,"template":"","format":"standard","meta":{"footnotes":""},"categories":[9,604],"tags":[922],"class_list":["post-17089","post","type-post","status-publish","format-standard","hentry","category-allgemein","category-ins-netz-geschaut","tag-e-book-reader"],"_links":{"self":[{"href":"https:\/\/blogs.fu-berlin.de\/bibliotheken\/wp-json\/wp\/v2\/posts\/17089","targetHints":{"allow":["GET"]}}],"collection":[{"href":"https:\/\/blogs.fu-berlin.de\/bibliotheken\/wp-json\/wp\/v2\/posts"}],"about":[{"href":"https:\/\/blogs.fu-berlin.de\/bibliotheken\/wp-json\/wp\/v2\/types\/post"}],"author":[{"embeddable":true,"href":"https:\/\/blogs.fu-berlin.de\/bibliotheken\/wp-json\/wp\/v2\/users\/265"}],"replies":[{"embeddable":true,"href":"https:\/\/blogs.fu-berlin.de\/bibliotheken\/wp-json\/wp\/v2\/comments?post=17089"}],"version-history":[{"count":4,"href":"https:\/\/blogs.fu-berlin.de\/bibliotheken\/wp-json\/wp\/v2\/posts\/17089\/revisions"}],"predecessor-version":[{"id":17093,"href":"https:\/\/blogs.fu-berlin.de\/bibliotheken\/wp-json\/wp\/v2\/posts\/17089\/revisions\/17093"}],"wp:attachment":[{"href":"https:\/\/blogs.fu-berlin.de\/bibliotheken\/wp-json\/wp\/v2\/media?parent=17089"}],"wp:term":[{"taxonomy":"category","embeddable":true,"href":"https:\/\/blogs.fu-berlin.de\/bibliotheken\/wp-json\/wp\/v2\/categories?post=17089"},{"taxonomy":"post_tag","embeddable":true,"href":"https:\/\/blogs.fu-berlin.de\/bibliotheken\/wp-json\/wp\/v2\/tags?post=17089"}],"curies":[{"name":"wp","href":"https:\/\/api.w.org\/{rel}","templated":true}]}}