{"id":17094,"date":"2014-08-11T16:08:50","date_gmt":"2014-08-11T15:08:50","guid":{"rendered":"https:\/\/blogs.fu-berlin.de\/bibliotheken\/?p=17094"},"modified":"2014-08-27T09:01:15","modified_gmt":"2014-08-27T08:01:15","slug":"wartungsarbeiten-beim-kobv-am-26-august-2014","status":"publish","type":"post","link":"https:\/\/blogs.fu-berlin.de\/bibliotheken\/2014\/08\/11\/wartungsarbeiten-beim-kobv-am-26-august-2014\/","title":{"rendered":"Wartungsarbeiten beim KOBV am 25.\/26. August 2014"},"content":{"rendered":"<p>Wegen dringender Wartungsarbeiten beim <a href=\"https:\/\/www.kobv.de\/\">Kooperativen Bibliotheksverbund Berlin-Brandenburg (KOBV)<\/a> wird es <strong>von Montag, den 25.08.2014 ab 18:00 Uhr bis Dienstag, den 26.08,2014 ca.22:00 Uhr<\/strong> zu Betriebsunterbrechungen kommen. Im Einzelnen sind betroffen:<\/p>\n<p><img loading=\"lazy\" decoding=\"async\" src=\"https:\/\/www.kobv.de\/fileadmin\/images\/kobv_logo.gif\" alt=\"KOBV-Logo\" width=\"155\" height=\"41\" align=\"right\" \/><\/p>\n<ul>\n<li>Bibliotheksportal Primo<\/li>\n<li>Digitale Bibliothek der FU<\/li>\n<li>SFX-Service<\/li>\n<li>Fernleihe<\/li>\n<\/ul>\n<p>Im genannten Zeitraum sind dar\u00fcber hinaus weitere Dienste des KOBV selbst (Bibliothekenf\u00fchrer, KOBV-Portal u.a.) nicht zug\u00e4nglich.<\/p>\n<p>F\u00fcr das PRIMO-System soll das PRIMO-Ausfallsystem mit aktuellem Datenstand bereitstehen: <a href=\"https:\/\/primo.fu-berlin.de\" target=\"_blank\">https:\/\/primo.fu-berlin.de<\/a>. Der Linkresolver SFX, der zum Volltext leitet ist jedoch ausser Betrieb.<\/p>\n<p><strong>Der <a href=\"https:\/\/opac.fu-berlin.de\" target=\"_blank\">FU-Katalog<\/a> l\u00e4uft wie gewohnt.<\/strong> Die Datenbanken k\u00f6nnen alternativ zur Digitalen Bibliothek oder dem Bibliotheksportal | Primo \u00fcber die <a href=\"https:\/\/www.ub.fu-berlin.de\/digibib_neu\/datenbank\/\">UB-Homepage<\/a> gestartet werden. Die lizenzierten E-Zeitschriften k\u00f6nnen im FU-Katalog recherchiert und \u00fcber Links beim Anbieter oder alternativ dazu \u00fcber die <a href=\"https:\/\/rzblx1.uni-regensburg.de\/ezeit\/\">EZB<\/a> (Uni Regensburg) gestartet werden.<\/p>\n<p>Wir bitten um Ihr Verst\u00e4ndnis. Ihre Universit\u00e4tsbibliothek<\/p>\n","protected":false},"excerpt":{"rendered":"<p>Wegen dringender Wartungsarbeiten beim Kooperativen Bibliotheksverbund Berlin-Brandenburg (KOBV) wird es von Montag, den 25.08.2014 ab 18:00 Uhr bis Dienstag, den 26.08,2014 ca.22:00 Uhr zu Betriebsunterbrechungen kommen. Im Einzelnen sind betroffen: Bibliotheksportal Primo Digitale Bibliothek der FU SFX-Service Fernleihe Im genannten Zeitraum sind dar\u00fcber hinaus weitere Dienste des KOBV selbst (Bibliothekenf\u00fchrer, KOBV-Portal u.a.) nicht zug\u00e4nglich. F\u00fcr &hellip; <a href=\"https:\/\/blogs.fu-berlin.de\/bibliotheken\/2014\/08\/11\/wartungsarbeiten-beim-kobv-am-26-august-2014\/\" class=\"more-link\"><span class=\"screen-reader-text\">\u201eWartungsarbeiten beim KOBV am 25.\/26. August 2014\u201c<\/span> weiterlesen<\/a><\/p>\n","protected":false},"author":265,"featured_media":0,"comment_status":"open","ping_status":"open","sticky":false,"template":"","format":"standard","meta":{"footnotes":""},"categories":[518],"tags":[1778,2431],"class_list":["post-17094","post","type-post","status-publish","format-standard","hentry","category-fu-kataloge","tag-kobv","tag-wartungstag"],"_links":{"self":[{"href":"https:\/\/blogs.fu-berlin.de\/bibliotheken\/wp-json\/wp\/v2\/posts\/17094","targetHints":{"allow":["GET"]}}],"collection":[{"href":"https:\/\/blogs.fu-berlin.de\/bibliotheken\/wp-json\/wp\/v2\/posts"}],"about":[{"href":"https:\/\/blogs.fu-berlin.de\/bibliotheken\/wp-json\/wp\/v2\/types\/post"}],"author":[{"embeddable":true,"href":"https:\/\/blogs.fu-berlin.de\/bibliotheken\/wp-json\/wp\/v2\/users\/265"}],"replies":[{"embeddable":true,"href":"https:\/\/blogs.fu-berlin.de\/bibliotheken\/wp-json\/wp\/v2\/comments?post=17094"}],"version-history":[{"count":5,"href":"https:\/\/blogs.fu-berlin.de\/bibliotheken\/wp-json\/wp\/v2\/posts\/17094\/revisions"}],"predecessor-version":[{"id":17135,"href":"https:\/\/blogs.fu-berlin.de\/bibliotheken\/wp-json\/wp\/v2\/posts\/17094\/revisions\/17135"}],"wp:attachment":[{"href":"https:\/\/blogs.fu-berlin.de\/bibliotheken\/wp-json\/wp\/v2\/media?parent=17094"}],"wp:term":[{"taxonomy":"category","embeddable":true,"href":"https:\/\/blogs.fu-berlin.de\/bibliotheken\/wp-json\/wp\/v2\/categories?post=17094"},{"taxonomy":"post_tag","embeddable":true,"href":"https:\/\/blogs.fu-berlin.de\/bibliotheken\/wp-json\/wp\/v2\/tags?post=17094"}],"curies":[{"name":"wp","href":"https:\/\/api.w.org\/{rel}","templated":true}]}}